{"id":22136,"date":"2016-05-31T13:30:21","date_gmt":"2016-05-31T13:30:21","guid":{"rendered":"http:\/\/plazajuarez.mx\/index\/index.php\/2016\/05\/31\/para-ripley-amenazan-demandarla-penalmente-por-hacer-proselitismo-en-su-lengua-natal\/"},"modified":"2016-05-31T13:30:21","modified_gmt":"2016-05-31T13:30:21","slug":"para-ripley-amenazan-demandarla-penalmente-por-hacer-proselitismo-en-su-lengua-natal","status":"publish","type":"post","link":"https:\/\/plazajuarez.mx\/historico\/para-ripley-amenazan-demandarla-penalmente-por-hacer-proselitismo-en-su-lengua-natal\/","title":{"rendered":"\u00a1Para Ripley\u2026 amenazan demandarla penalmente, por hacer proselitismo en su lengua natal!"},"content":{"rendered":"<p style=\"text-align: justify;\"><strong>Acaxochitl\u00e1n<\/strong><\/p>\n<ul style=\"text-align: justify;\">\n<li><strong>Sus contrincantes se\u00f1alaron que es ventajosa su forma de hacer proselitismo\u2026 \u00a1H\u00e1game usted el refabr\u00f3n cavor\u201d<\/strong><\/li>\n<\/ul>\n<p style=\"text-align: justify;\">Adem\u00e1s le hacen guerra sucia: Marisela Romero tambi\u00e9n rechaz\u00f3 la versi\u00f3n sobre supuesta declinaci\u00f3n a favor de Roc\u00edo Sosa, candidata\u00a0 a la presidencia municipal por la coalici\u00f3n PRI \u2013 PVEM \u2013 Panal. Lo anterior, tras la colocaci\u00f3n de algunas lonas en diversos puntos del municipio, en donde se se\u00f1ala la supuesta declinaci\u00f3n por parte de los militantes del PT.<\/p>\n<p>  <!--more-->  <\/p>\n<p style=\"text-align: justify;\">La candidata ind\u00edgena a presidenta municipal por el Partido del Trabajo (PT), Marisela Romero Cruz, se\u00f1al\u00f3 que fue se\u00f1alada por realizar proselitismo en n\u00e1huatl, su lengua original; por lo cual ser\u00eda demanda penalmente, seg\u00fan escuch\u00f3 la propia aspirante a la alcald\u00eda.<\/p>\n<p style=\"text-align: justify;\">Ante representantes de los medios de comunicaci\u00f3n locales, Romero Cruz narr\u00f3 que hace un par de semanas, en evento tipo debate realizado en la comunidad de Tepepa, se dirig\u00eda a los asistentes en n\u00e1huatl, cuando una persona grit\u00f3 que la demandar\u00eda legalmente, debido\u00a0 a que no estaba dirigiendo su discurso en espa\u00f1ol.<\/p>\n<p style=\"text-align: justify;\">\u201cPor supuesto, si voy a una comunidad con alto porcentaje de poblaci\u00f3n ind\u00edgena, me dirijo a mis paisanos en nuestra lengua materna, por lo que me parece absurdo que me quieran demandar por hablar en mi lengua original\u201d, se\u00f1al\u00f3 la candidata, quien de profesi\u00f3n es licenciada en Administraci\u00f3n de Empresas Tur\u00edsticas.<\/p>\n<p style=\"text-align: justify;\">Sin embargo, dijo que hasta el momento, no ha recibido notificaci\u00f3n alguna para responder hacia alguna autoridad en materia electoral.<\/p>\n<p style=\"text-align: justify;\">Al respecto dijo estar tranquila, pues tambi\u00e9n es perito traductor ind\u00edgena certificado, por lo que asegur\u00f3 tener conocimiento de las leyes, en este caso, lo correspondiente a la cuesti\u00f3n electoral.<\/p>\n<p style=\"text-align: justify;\">Sobre la posibilidad de presentar un recurso legal por la intimidaci\u00f3n recibida, se\u00f1al\u00f3 que lo est\u00e1 revisando con su equipo de trabajo, por lo que est\u00e1 por tomarse la decisi\u00f3n respecto al tema.<\/p>\n<p style=\"text-align: justify;\">La candidata se\u00f1al\u00f3 que ella es la primera candidata mujer e ind\u00edgena aspirante a presidenta municipal, agregando que sus compa\u00f1eros de planilla son personas que lo mismo provienen de etnia n\u00e1huatl, o bien, son habitantes \u201cque provienen del mismo pueblo\u201d.<\/p>\n<p style=\"text-align: justify;\">Por otra parte, la candidata del PT tambi\u00e9n rechaz\u00f3 versi\u00f3n sobre supuesta declinaci\u00f3n a favor de Roc\u00edo Sosa, candidata\u00a0 a la presidencia municipal por la coalici\u00f3n PRI \u2013 PVEM \u2013 Panal.<\/p>\n<p style=\"text-align: justify;\">Lo anterior, tras la colocaci\u00f3n de algunas lonas en diversos puntos del municipio, en donde se se\u00f1ala la supuesta declinaci\u00f3n por parte de los militantes del Partido del Trabajo.<\/p>\n<p style=\"text-align: justify;\">Dijo que por dignidad propia, as\u00ed como por respeto a quienes han simpatizado con su proyecto pol\u00edtico, no ha tenido, ni tiene considerado dejar la campa\u00f1a, menos a estas alturas.<\/p>\n","protected":false},"excerpt":{"rendered":"<p>Acaxochitl\u00e1n Sus contrincantes se\u00f1alaron que es ventajosa su forma de hacer proselitismo\u2026 \u00a1H\u00e1game usted el refabr\u00f3n cavor\u201d Adem\u00e1s le hacen guerra sucia: Marisela Romero tambi\u00e9n rechaz\u00f3 la versi\u00f3n sobre supuesta declinaci\u00f3n a favor de Roc\u00edo Sosa, candidata\u00a0 a la presidencia municipal por la coalici\u00f3n PRI \u2013 PVEM \u2013 Panal. Lo anterior, tras la colocaci\u00f3n de [&hellip;]<\/p>\n","protected":false},"author":93,"featured_media":0,"comment_status":"open","ping_status":"open","sticky":false,"template":"","format":"standard","meta":{"footnotes":""},"categories":[40],"tags":[],"class_list":["post-22136","post","type-post","status-publish","format-standard","hentry","category-region"],"_links":{"self":[{"href":"https:\/\/plazajuarez.mx\/historico\/wp-json\/wp\/v2\/posts\/22136","targetHints":{"allow":["GET"]}}],"collection":[{"href":"https:\/\/plazajuarez.mx\/historico\/wp-json\/wp\/v2\/posts"}],"about":[{"href":"https:\/\/plazajuarez.mx\/historico\/wp-json\/wp\/v2\/types\/post"}],"author":[{"embeddable":true,"href":"https:\/\/plazajuarez.mx\/historico\/wp-json\/wp\/v2\/users\/93"}],"replies":[{"embeddable":true,"href":"https:\/\/plazajuarez.mx\/historico\/wp-json\/wp\/v2\/comments?post=22136"}],"version-history":[{"count":0,"href":"https:\/\/plazajuarez.mx\/historico\/wp-json\/wp\/v2\/posts\/22136\/revisions"}],"wp:attachment":[{"href":"https:\/\/plazajuarez.mx\/historico\/wp-json\/wp\/v2\/media?parent=22136"}],"wp:term":[{"taxonomy":"category","embeddable":true,"href":"https:\/\/plazajuarez.mx\/historico\/wp-json\/wp\/v2\/categories?post=22136"},{"taxonomy":"post_tag","embeddable":true,"href":"https:\/\/plazajuarez.mx\/historico\/wp-json\/wp\/v2\/tags?post=22136"}],"curies":[{"name":"wp","href":"https:\/\/api.w.org\/{rel}","templated":true}]}}