{"id":22135,"date":"2016-05-31T13:30:05","date_gmt":"2016-05-31T13:30:05","guid":{"rendered":"http:\/\/plazajuarez.mx\/index\/index.php\/2016\/05\/31\/supervisa-gobernador-avance-de-los-distribuidores-viales-en-el-municipio\/"},"modified":"2016-05-31T13:30:05","modified_gmt":"2016-05-31T13:30:05","slug":"supervisa-gobernador-avance-de-los-distribuidores-viales-en-el-municipio","status":"publish","type":"post","link":"https:\/\/plazajuarez.mx\/historico\/supervisa-gobernador-avance-de-los-distribuidores-viales-en-el-municipio\/","title":{"rendered":"Supervisa Gobernador avance de los distribuidores viales en el municipio"},"content":{"rendered":"<p style=\"text-align: justify;\"><strong>Tula de Allende<\/strong><\/p>\n<ul style=\"text-align: justify;\">\n<li><strong>Ambas obras quedar\u00e1n listas antes del 15 de agosto pr\u00f3ximo <\/strong><\/li>\n<\/ul>\n<p style=\"text-align: justify;\">En ambas obras, se inform\u00f3 que para generar fuentes de empleo se ha contratado mano de obra local y que adem\u00e1s se han podido generar tambi\u00e9n empleos directos. Asimismo se coment\u00f3 que al ser utilizadas v\u00edas alternas existe el compromiso de que ser\u00e1n reparadas.<\/p>\n<p>  <!--more-->  <\/p>\n<p style=\"text-align: justify;\">Francisco Olvera Ruiz, gobernador del estado, supervis\u00f3 ayer el avance de los trabajos de construcci\u00f3n de los distribuidores viales Tula-Jorobas y Bojay, mismos que se espera queden listos en la primera quincena de agosto.<\/p>\n<p style=\"text-align: justify;\">Se espera que las obras queden listas antes de que concluya la actual administraci\u00f3n estatal y sea el propio Gobernador quien acuda a inaugurarlas y entregar a la sociedad de la regi\u00f3n Tula-Tepeji.<\/p>\n<p style=\"text-align: justify;\">Jes\u00fas Romero Quintanar, secretario de Obras P\u00fablica estatal, en el caso del Distribuidor Vial Tula-Jorobas, inform\u00f3 al Gobernador que en 28 d\u00edas de labores se tiene un avance general del 38 por ciento y que de acuerdo al calendario de obra deber\u00e1 quedar concluida el 15 de agosto, pero que esperan terminarla 15 d\u00edas antes de lo programado.<\/p>\n<p style=\"text-align: justify;\">Puntualiz\u00f3 que el paso superior vehicular tiene una longitud de 370 metros y que ser\u00e1 de dos carriles en cada sentido, adem\u00e1s de que se ejecutaron trabajos de subestructura (cimentaci\u00f3n) en 32 piezas de 15 metros de longitud por 1.5 metros de di\u00e1metro que fueron enterradas.<\/p>\n<p style=\"text-align: justify;\">En lo que se refiere a la parte superior de la estructura dijo que de igual manera se colocaron 32 columnas de concreto armado, 56 trabes de concreto armado, 16 cabezales de concreto armado, adem\u00e1s de que los accesos tendr\u00e1n una longitud de 70 metros, as\u00ed como los muros de contenci\u00f3n.<\/p>\n<p style=\"text-align: justify;\">Destac\u00f3 que el puente tiene una particularidad dado que en los 370 metros de longitud el puente en cada uno de sus cuerpos tendr\u00e1 alojada una ciclopista, para impulsar las modalidades de movilidad alternas,<\/p>\n<p style=\"text-align: justify;\">Dijo que con eso se inicia el programa de movilidad alterna al ser el primer puente en el estado con esa caracter\u00edstica, de ah\u00ed que: \u201cestaremos entregado un proyecto integral de movilidad al municipio\u201d.<\/p>\n<p style=\"text-align: justify;\">Agreg\u00f3 que con esta obra se estar\u00e1 desahogando el tr\u00e1nsito vehicular, adem\u00e1s de que se contemplan las cuatro gasas complementarias que dar\u00e1n fluidez hacia el libramiento a Tepeji y Tlahuelilpan, todo bajo un esquema de modernidad.<\/p>\n<p style=\"text-align: justify;\">En cuanto al equipamiento mencion\u00f3 que contar\u00e1 con 8 m\u00f3dulos de sem\u00e1foros Led, 60 luminarias fotovoltaicas y 36 se\u00f1ales verticales.<\/p>\n<p style=\"text-align: justify;\">M\u00e1s tarde, el ejecutivo estatal se traslad\u00f3 al municipio de Atitalaquia donde supervis\u00f3 los trabajos del Distribuidor Vial Bojay, donde la obra se inform\u00f3 presenta un 48 por ciento y se espera que de igual manera quede listo el 15 de agosto.<\/p>\n<p style=\"text-align: justify;\">Ah\u00ed se inform\u00f3 que se construye un paso superior vehicular de 73.62 metros de longitud, con dos carriles en ambos sentidos, por lo que fueron colocadas 9 piezas de 15 cent\u00edmetros de longitud por 1.5 metros de di\u00e1metro, as\u00ed como dos zapatas corridas de concreto armado.<\/p>\n<p style=\"text-align: justify;\">Con esta obra, se resalt\u00f3, los automovilistas ya no tendr\u00e1n que esperar para cruzar de un lado a otro como ten\u00edan que hacerlo cuando se deten\u00eda el tren.<\/p>\n","protected":false},"excerpt":{"rendered":"<p>Tula de Allende Ambas obras quedar\u00e1n listas antes del 15 de agosto pr\u00f3ximo En ambas obras, se inform\u00f3 que para generar fuentes de empleo se ha contratado mano de obra local y que adem\u00e1s se han podido generar tambi\u00e9n empleos directos. Asimismo se coment\u00f3 que al ser utilizadas v\u00edas alternas existe el compromiso de que [&hellip;]<\/p>\n","protected":false},"author":93,"featured_media":0,"comment_status":"open","ping_status":"open","sticky":false,"template":"","format":"standard","meta":{"footnotes":""},"categories":[40],"tags":[],"class_list":["post-22135","post","type-post","status-publish","format-standard","hentry","category-region"],"_links":{"self":[{"href":"https:\/\/plazajuarez.mx\/historico\/wp-json\/wp\/v2\/posts\/22135","targetHints":{"allow":["GET"]}}],"collection":[{"href":"https:\/\/plazajuarez.mx\/historico\/wp-json\/wp\/v2\/posts"}],"about":[{"href":"https:\/\/plazajuarez.mx\/historico\/wp-json\/wp\/v2\/types\/post"}],"author":[{"embeddable":true,"href":"https:\/\/plazajuarez.mx\/historico\/wp-json\/wp\/v2\/users\/93"}],"replies":[{"embeddable":true,"href":"https:\/\/plazajuarez.mx\/historico\/wp-json\/wp\/v2\/comments?post=22135"}],"version-history":[{"count":0,"href":"https:\/\/plazajuarez.mx\/historico\/wp-json\/wp\/v2\/posts\/22135\/revisions"}],"wp:attachment":[{"href":"https:\/\/plazajuarez.mx\/historico\/wp-json\/wp\/v2\/media?parent=22135"}],"wp:term":[{"taxonomy":"category","embeddable":true,"href":"https:\/\/plazajuarez.mx\/historico\/wp-json\/wp\/v2\/categories?post=22135"},{"taxonomy":"post_tag","embeddable":true,"href":"https:\/\/plazajuarez.mx\/historico\/wp-json\/wp\/v2\/tags?post=22135"}],"curies":[{"name":"wp","href":"https:\/\/api.w.org\/{rel}","templated":true}]}}