{"id":22133,"date":"2016-05-31T13:29:36","date_gmt":"2016-05-31T13:29:36","guid":{"rendered":"http:\/\/plazajuarez.mx\/index\/index.php\/2016\/05\/31\/encargados-de-seguridad-relacionados-con-la-delincuencia\/"},"modified":"2016-05-31T13:29:36","modified_gmt":"2016-05-31T13:29:36","slug":"encargados-de-seguridad-relacionados-con-la-delincuencia","status":"publish","type":"post","link":"https:\/\/plazajuarez.mx\/historico\/encargados-de-seguridad-relacionados-con-la-delincuencia\/","title":{"rendered":"\u201cEncargados de seguridad\u2026 relacionados con la delincuencia\u201d"},"content":{"rendered":"<p style=\"text-align: justify;\"><strong>Ixmiquilpan<\/strong><\/p>\n<ul style=\"text-align: justify;\">\n<li><strong>Lo dice el candidato panista a la diputaci\u00f3n local, Cipriano Charrez, quien asegura que en su momento fue denunciado ante la PGR<\/strong><\/li>\n<\/ul>\n<p style=\"text-align: justify;\">Explic\u00f3 que hace un promedio de tres a\u00f1os, \u00e9l denunci\u00f3 la presencia de personas ligadas a la delincuencia organizada, donde est\u00e1n involucrados algunos pol\u00edticos, asimismo de la ubicaci\u00f3n de casas de seguridad en Ixmiquilpan.<\/p>\n<p>  <!--more-->  <\/p>\n<p style=\"text-align: justify;\">Encargados de la seguridad p\u00fablica en estos momentos mediante la modalidad de Mando \u00danico, est\u00e1n relacionados con la delincuencia organizada, es un tema que fue denunciado en su momento ante la Procuradur\u00eda General de la Rep\u00fablica (PGR), sostuvo el alcalde con licencia, Cipriano Charrez Pedraza, candidato a diputado local por el PAN.<\/p>\n<p style=\"text-align: justify;\">Durante un encuentro con medios de comunicaci\u00f3n, expuso que siendo \u00e9l el presidente municipal, rechaz\u00f3 involucrar a la polic\u00eda del municipio en este programa, debido a que quienes pretend\u00edan encargarse de la seguridad estar\u00edan involucrados con grupos delincuenciales.<\/p>\n<p style=\"text-align: justify;\">Su posicionamiento se dio luego de que el alcalde en turno, Mauricio Llaca Castel\u00e1n, impuso junto con un grupo de regidores que el municipio ingresara a este programa de Mando \u00danico, haci\u00e9ndose cargo de la seguridad personas que dijo, est\u00e1n relacionadas con la delincuencia.<\/p>\n<p style=\"text-align: justify;\">Lament\u00f3 y cuestion\u00f3 que la decisi\u00f3n se haya tomado de esta manera sin haber consultado previamente a la sociedad o por lo menos de informar a la de las ventajas de meter a Ixmiquilpan a este esquema. &#8220;Es muy preocupante porque no se discuti\u00f3 el tema, no se analiz\u00f3, no se inform\u00f3 a la sociedad\u201d.<\/p>\n<p style=\"text-align: justify;\">Responsabiliz\u00f3 al gobierno del estado y a los regidores que aprobaron la iniciativa, asimismo a Llaca Castel\u00e1n, pues asegur\u00f3 que esta decisi\u00f3n agravia a la sociedad y la hace vulnerable ante la delincuencia organizada.<\/p>\n<p style=\"text-align: justify;\">A pesar, dijo, de haber dado nombres y apellidos a la PGR, hasta ahora no ha recibido el municipio ninguna respuesta por parte de la dependencia, sin embargo lo m\u00e1s peligroso es que hoy est\u00e1n encarg\u00e1ndose de la seguridad p\u00fablica.<\/p>\n<p>\u00a0<\/p>\n","protected":false},"excerpt":{"rendered":"<p>Ixmiquilpan Lo dice el candidato panista a la diputaci\u00f3n local, Cipriano Charrez, quien asegura que en su momento fue denunciado ante la PGR Explic\u00f3 que hace un promedio de tres a\u00f1os, \u00e9l denunci\u00f3 la presencia de personas ligadas a la delincuencia organizada, donde est\u00e1n involucrados algunos pol\u00edticos, asimismo de la ubicaci\u00f3n de casas de seguridad [&hellip;]<\/p>\n","protected":false},"author":93,"featured_media":0,"comment_status":"open","ping_status":"open","sticky":false,"template":"","format":"standard","meta":{"footnotes":""},"categories":[40],"tags":[],"class_list":["post-22133","post","type-post","status-publish","format-standard","hentry","category-region"],"_links":{"self":[{"href":"https:\/\/plazajuarez.mx\/historico\/wp-json\/wp\/v2\/posts\/22133","targetHints":{"allow":["GET"]}}],"collection":[{"href":"https:\/\/plazajuarez.mx\/historico\/wp-json\/wp\/v2\/posts"}],"about":[{"href":"https:\/\/plazajuarez.mx\/historico\/wp-json\/wp\/v2\/types\/post"}],"author":[{"embeddable":true,"href":"https:\/\/plazajuarez.mx\/historico\/wp-json\/wp\/v2\/users\/93"}],"replies":[{"embeddable":true,"href":"https:\/\/plazajuarez.mx\/historico\/wp-json\/wp\/v2\/comments?post=22133"}],"version-history":[{"count":0,"href":"https:\/\/plazajuarez.mx\/historico\/wp-json\/wp\/v2\/posts\/22133\/revisions"}],"wp:attachment":[{"href":"https:\/\/plazajuarez.mx\/historico\/wp-json\/wp\/v2\/media?parent=22133"}],"wp:term":[{"taxonomy":"category","embeddable":true,"href":"https:\/\/plazajuarez.mx\/historico\/wp-json\/wp\/v2\/categories?post=22133"},{"taxonomy":"post_tag","embeddable":true,"href":"https:\/\/plazajuarez.mx\/historico\/wp-json\/wp\/v2\/tags?post=22133"}],"curies":[{"name":"wp","href":"https:\/\/api.w.org\/{rel}","templated":true}]}}