{"id":22132,"date":"2016-05-31T13:27:17","date_gmt":"2016-05-31T13:27:17","guid":{"rendered":"http:\/\/plazajuarez.mx\/index\/index.php\/2016\/05\/31\/ine-se-hara-cargo-de-los-paquetes-electorales-y-del-sije\/"},"modified":"2016-05-31T13:27:17","modified_gmt":"2016-05-31T13:27:17","slug":"ine-se-hara-cargo-de-los-paquetes-electorales-y-del-sije","status":"publish","type":"post","link":"https:\/\/plazajuarez.mx\/historico\/ine-se-hara-cargo-de-los-paquetes-electorales-y-del-sije\/","title":{"rendered":"INE se har\u00e1 cargo de los paquetes electorales y del SIJE"},"content":{"rendered":"<p style=\"text-align: justify;\">Debido a que el Instituto cuenta con la infraestructura y personal suficientes para colaborar con dichas actividades sin que perjudique el presupuesto<\/p>\n<p>  <!--more-->  <\/p>\n<p style=\"text-align: justify;\">El vocal ejecutivo del Instituto Nacional Electoral (INE), Jos\u00e9 Luis Ashane Bulos, inform\u00f3 que para el proceso electoral en curso, adem\u00e1s del trabajo (en tema de capacitaci\u00f3n y otros) que se hab\u00eda encomendado a este instituto, se acord\u00f3 que apoyar\u00e1 en lo referente a los paquetes electorales y se encargar\u00e1 de llevar el Sistema de Informaci\u00f3n de la Jornada Electoral (SIJE).<\/p>\n<p style=\"text-align: justify;\">Lo anterior, tras explicar que el INE cuenta con la infraestructura y personal suficientes para colaborar con dichas actividades sin que perjudique en el presupuesto, por lo anterior se\u00f1al\u00f3 que el instituto estar\u00e1 a cargo de los paquetes electorales, mismos que ya est\u00e1n bajo resguardo en sus propias bodegas distritales, y que posteriormente se distribuir\u00e1n para garantizar que est\u00e9n en las casillas a la hora indicada el pr\u00f3ximo 5 de junio.<\/p>\n<p style=\"text-align: justify;\">De igual forma, destac\u00f3 que el d\u00eda de la jornada electoral y una vez que haya concluido el escrutinio y c\u00f3mputo de las casillas, los paquetes electorales ser\u00e1n trasladados a los consejos municipales y ah\u00ed concluir\u00e1 la responsabilidad del INE al respecto.<\/p>\n<p style=\"text-align: justify;\">Por lo anterior, se\u00f1al\u00f3 que el Programa de Resultados Electorales Preliminares (PREP)\u00a0 estar\u00e1\u00a0 a cargo del Instituto Estatal Electoral de Hidalgo (IEEH), mismo que se activar\u00e1 desde el momento en que lleguen los paquetes a los 84 receptores que habr\u00e1 en los consejos municipales, y posteriormente habr\u00e1 veh\u00edculos para trasladar los paquetes de gobernador y diputados.<\/p>\n<p style=\"text-align: justify;\">Por otra parte, anunci\u00f3 que tambi\u00e9n, a trav\u00e9s de los Capacitadores-Asistentes Electorales (Caes), el INE se encargar\u00e1 del SIJE, por lo que se\u00f1al\u00f3 que dicho personal \u201cestar\u00e1 informando todo lo que suceda durante todo el d\u00eda de la elecci\u00f3n al IEEH, para que el instituto estatal lo d\u00e9 a conocer en el consejo general, porque los Caes nosotros los estamos pagando y porque las casillas son nuestra responsabilidad hasta que los paquetes electorales sean entregados en la noche\u201d, explic\u00f3.<\/p>\n<p style=\"text-align: justify;\">Finalmente, apunt\u00f3 que en el tema de promoci\u00f3n del voto, el INE se ha encargado de hacer su trabajo, aunque record\u00f3 que no es el \u00fanico que debe trabajar al respecto, ya que los partidos pol\u00edticos tambi\u00e9n tienen parte de responsabilidad para hacer que la gente acuda a las urnas el pr\u00f3ximo 5 de junio.<\/p>\n<p style=\"text-align: justify;\">DATO<\/p>\n<p style=\"text-align: justify;\">El Programa de Resultados Electorales Preliminares (PREP)\u00a0 estar\u00e1\u00a0 a cargo del Instituto Estatal Electoral de Hidalgo (IEEH), mismo que se activar\u00e1 desde el momento en que lleguen los paquetes a los 84 receptores que habr\u00e1 en los consejos municipales.<\/p>\n","protected":false},"excerpt":{"rendered":"<p>Debido a que el Instituto cuenta con la infraestructura y personal suficientes para colaborar con dichas actividades sin que perjudique el presupuesto<\/p>\n","protected":false},"author":93,"featured_media":0,"comment_status":"open","ping_status":"open","sticky":false,"template":"","format":"standard","meta":{"footnotes":""},"categories":[59],"tags":[],"class_list":["post-22132","post","type-post","status-publish","format-standard","hentry","category-general"],"_links":{"self":[{"href":"https:\/\/plazajuarez.mx\/historico\/wp-json\/wp\/v2\/posts\/22132","targetHints":{"allow":["GET"]}}],"collection":[{"href":"https:\/\/plazajuarez.mx\/historico\/wp-json\/wp\/v2\/posts"}],"about":[{"href":"https:\/\/plazajuarez.mx\/historico\/wp-json\/wp\/v2\/types\/post"}],"author":[{"embeddable":true,"href":"https:\/\/plazajuarez.mx\/historico\/wp-json\/wp\/v2\/users\/93"}],"replies":[{"embeddable":true,"href":"https:\/\/plazajuarez.mx\/historico\/wp-json\/wp\/v2\/comments?post=22132"}],"version-history":[{"count":0,"href":"https:\/\/plazajuarez.mx\/historico\/wp-json\/wp\/v2\/posts\/22132\/revisions"}],"wp:attachment":[{"href":"https:\/\/plazajuarez.mx\/historico\/wp-json\/wp\/v2\/media?parent=22132"}],"wp:term":[{"taxonomy":"category","embeddable":true,"href":"https:\/\/plazajuarez.mx\/historico\/wp-json\/wp\/v2\/categories?post=22132"},{"taxonomy":"post_tag","embeddable":true,"href":"https:\/\/plazajuarez.mx\/historico\/wp-json\/wp\/v2\/tags?post=22132"}],"curies":[{"name":"wp","href":"https:\/\/api.w.org\/{rel}","templated":true}]}}