{"id":22131,"date":"2016-05-31T13:27:15","date_gmt":"2016-05-31T13:27:15","guid":{"rendered":"http:\/\/plazajuarez.mx\/index\/index.php\/2016\/05\/31\/comunidad-transgenero-pide-reabrir-caso-de-fernanda-lavalle\/"},"modified":"2016-05-31T13:27:15","modified_gmt":"2016-05-31T13:27:15","slug":"comunidad-transgenero-pide-reabrir-caso-de-fernanda-lavalle","status":"publish","type":"post","link":"https:\/\/plazajuarez.mx\/historico\/comunidad-transgenero-pide-reabrir-caso-de-fernanda-lavalle\/","title":{"rendered":"Comunidad transg\u00e9nero pide reabrir caso de Fernanda Lavalle"},"content":{"rendered":"<p style=\"text-align: justify;\">Por declaraciones de Francisco Xavier<\/p>\n<p>  <!--more-->  <\/p>\n<p style=\"text-align: justify;\">Respecto a las declaraciones del candidato panista a gobernador, Francisco Xavier Berganza, sobre Fernanda Lavalle durante el pasado debate organizado por las autoridades electorales de la entidad, la comunidad transg\u00e9nero inform\u00f3 que realizar\u00e1 la petici\u00f3n al procurador general de Justicia de la entidad para que se reabra el expediente, asimismo que Francisco Xavier realice una declaraci\u00f3n oficial, ya que si habl\u00f3 e involucr\u00f3 el nombre de quien era considerada por ellos como amiga y compa\u00f1era, tendr\u00e1 m\u00e1s elementos que aportar a la investigaci\u00f3n.<\/p>\n<p style=\"text-align: justify;\">Lo anterior fue se\u00f1alado en conferencia de prensa en la capital hidalguense, encabezada por Karen Quintero, quien se hizo acompa\u00f1ar de Gloria\u00a0Davenport, representante de la organizaci\u00f3n nacional Pro Diana, adem\u00e1s de diversas integrantes de otras organizaciones, en donde responsabilizaron al candidato panista en caso de que algo les ocurra.<\/p>\n<p style=\"text-align: justify;\">Karen Quintero afirm\u00f3, &#8220;este tipo debe emitir sus declaraciones ante las autoridades competentes, para esclarecer el asesinato de Fernanda, ya que debe tener pruebas importantes&#8221;, al tiempo que afirm\u00f3 que al debate fue llevada con enga\u00f1os a invitaci\u00f3n del PAN.<\/p>\n<p style=\"text-align: justify;\">Por lo anterior, adelant\u00f3 que en los pr\u00f3ximos d\u00edas llevar\u00e1n a cabo diversas acciones de protesta en contra del PAN y de su candidato a gobernador, a quien calificaron como no apto para gobernar el estado, pues seguramente ser\u00e1n perseguidas, por lo que no dudaron en solicitar al Comit\u00e9 Ejecutivo Nacional del blanquiazul para que tome cartas en el asunto.<\/p>\n<p style=\"text-align: justify;\">DATO<\/p>\n<p style=\"text-align: justify;\">&#8220;Este tipo debe emitir sus declaraciones ante las autoridades competentes, para esclarecer el asesinato de Fernanda, ya que debe tener pruebas importantes&#8221;.<\/p>\n<p style=\"text-align: justify;\"><strong>Karen Quintero<\/strong><\/p>\n","protected":false},"excerpt":{"rendered":"<p>Por declaraciones de Francisco Xavier<\/p>\n","protected":false},"author":93,"featured_media":0,"comment_status":"open","ping_status":"open","sticky":false,"template":"","format":"standard","meta":{"footnotes":""},"categories":[59],"tags":[],"class_list":["post-22131","post","type-post","status-publish","format-standard","hentry","category-general"],"_links":{"self":[{"href":"https:\/\/plazajuarez.mx\/historico\/wp-json\/wp\/v2\/posts\/22131","targetHints":{"allow":["GET"]}}],"collection":[{"href":"https:\/\/plazajuarez.mx\/historico\/wp-json\/wp\/v2\/posts"}],"about":[{"href":"https:\/\/plazajuarez.mx\/historico\/wp-json\/wp\/v2\/types\/post"}],"author":[{"embeddable":true,"href":"https:\/\/plazajuarez.mx\/historico\/wp-json\/wp\/v2\/users\/93"}],"replies":[{"embeddable":true,"href":"https:\/\/plazajuarez.mx\/historico\/wp-json\/wp\/v2\/comments?post=22131"}],"version-history":[{"count":0,"href":"https:\/\/plazajuarez.mx\/historico\/wp-json\/wp\/v2\/posts\/22131\/revisions"}],"wp:attachment":[{"href":"https:\/\/plazajuarez.mx\/historico\/wp-json\/wp\/v2\/media?parent=22131"}],"wp:term":[{"taxonomy":"category","embeddable":true,"href":"https:\/\/plazajuarez.mx\/historico\/wp-json\/wp\/v2\/categories?post=22131"},{"taxonomy":"post_tag","embeddable":true,"href":"https:\/\/plazajuarez.mx\/historico\/wp-json\/wp\/v2\/tags?post=22131"}],"curies":[{"name":"wp","href":"https:\/\/api.w.org\/{rel}","templated":true}]}}