{"id":22130,"date":"2016-05-31T13:27:14","date_gmt":"2016-05-31T13:27:14","guid":{"rendered":"http:\/\/plazajuarez.mx\/index\/index.php\/2016\/05\/31\/omar-fayad-firma-pacto-por-el-campo-con-lider-del-cnc\/"},"modified":"2016-05-31T13:27:14","modified_gmt":"2016-05-31T13:27:14","slug":"omar-fayad-firma-pacto-por-el-campo-con-lider-del-cnc","status":"publish","type":"post","link":"https:\/\/plazajuarez.mx\/historico\/omar-fayad-firma-pacto-por-el-campo-con-lider-del-cnc\/","title":{"rendered":"Omar Fayad firma pacto por el campo con l\u00edder del CNC"},"content":{"rendered":"<p style=\"text-align: justify;\">Un Hidalgo con Rumbo<\/p>\n<p style=\"text-align: justify;\">Se\u00f1al\u00f3 que este pacto permitir\u00e1 garantizar lo que necesita la gente: proyectos productivos, cr\u00e9ditos, y apoyo a los proyectos comunitarios<\/p>\n<p>  <!--more-->  <\/p>\n<p style=\"text-align: justify;\">Omar Fayad, candidato a la gubernatura de la coalici\u00f3n <em>Un Hidalgo con Rumbo<\/em>, firm\u00f3, en presencia del l\u00edder nacional de la Confederaci\u00f3n Nacional Campesina (CNC), Manuel Cota Jim\u00e9nez, un pacto por el campo del estado, en Tulancingo.<\/p>\n<p style=\"text-align: justify;\">Este documento, que tuvo como testigos a cientos de hombres y mujeres cenecistas provenientes de diversas regiones, incluye cinco compromisos que Omar Fayad hizo suyos y que dijo, cumplir\u00e1 luego de que el 5 de junio obtenga el triunfo electoral.<\/p>\n<p style=\"text-align: justify;\">Entre otras acciones para impulsar el campo, el candidato mencion\u00f3 que impulsar\u00e1 ingenieros certificados en ayuntamientos para integraci\u00f3n de expedientes y gesti\u00f3n de programas; revisi\u00f3n de las pr\u00e1cticas comerciales en venta de insumos; compra de cosechas y comercializaci\u00f3n de productos con valor agregado; e inclusi\u00f3n de los hijos de campesinos con estudios afines al campo en el programa <em>Tu Primer Empleo<\/em> para trabajar en proyectos agropecuarios comunitarios.<\/p>\n<p style=\"text-align: justify;\">As\u00ed como que los programas sean entregados a tiempo y a quienes verdaderamente los necesitan y la protecci\u00f3n de jornaleros en todo el pa\u00eds con asistencia social a sus familias. Tales fueron los ejes principales que estableci\u00f3 Omar Fayad con los labriegos hidalguenses para mejorar sus condiciones de vida.<\/p>\n<p style=\"text-align: justify;\">Al presentar sus propuestas de campa\u00f1a, el pri\u00edsta destac\u00f3 la quinta propuesta, ya que est\u00e1 dirigida en espec\u00edfico al agro estatal: \u201ceste 5 de junio trabajaremos por la quinta propuesta de Omar Fayad, que es ni m\u00e1s ni menos el apoyo al campo y a los campesinos, por eso firmamos con todas y todos ustedes como testigos de calidad este importante compromiso con la CNC\u201d.<\/p>\n<p style=\"text-align: justify;\">Se\u00f1al\u00f3 que este pacto permitir\u00e1 garantizar lo que necesita la gente: proyectos productivos, cr\u00e9ditos, apoyo a los proyectos comunitarios \u201cy con ello todo lo dem\u00e1s, porque habremos de trabajar en planes de desarrollo regionales, en mecanizaci\u00f3n, para semilla mejorada, para fertilizantes, para tener las herramientas necesarias, la maquinaria, las tecnolog\u00edas y la asistencia que requiere el campo para salir adelante\u201d.<\/p>\n<p style=\"text-align: justify;\">Finalmente, el candidato resalt\u00f3 que s\u00f3lo faltan algunos d\u00edas para el triunfo electoral, y pronostic\u00f3 que su partido recuperar\u00e1 el municipio: \u201cestamos a pocos d\u00edas de que se vaya de Tulancingo el gobierno panista que no sirvi\u00f3 para nada\u201d.<\/p>\n<p>\u00a0<\/p>\n<p>\u00a0<\/p>\n","protected":false},"excerpt":{"rendered":"<p>Un Hidalgo con Rumbo Se\u00f1al\u00f3 que este pacto permitir\u00e1 garantizar lo que necesita la gente: proyectos productivos, cr\u00e9ditos, y apoyo a los proyectos comunitarios<\/p>\n","protected":false},"author":93,"featured_media":0,"comment_status":"open","ping_status":"open","sticky":false,"template":"","format":"standard","meta":{"footnotes":""},"categories":[59],"tags":[],"class_list":["post-22130","post","type-post","status-publish","format-standard","hentry","category-general"],"_links":{"self":[{"href":"https:\/\/plazajuarez.mx\/historico\/wp-json\/wp\/v2\/posts\/22130","targetHints":{"allow":["GET"]}}],"collection":[{"href":"https:\/\/plazajuarez.mx\/historico\/wp-json\/wp\/v2\/posts"}],"about":[{"href":"https:\/\/plazajuarez.mx\/historico\/wp-json\/wp\/v2\/types\/post"}],"author":[{"embeddable":true,"href":"https:\/\/plazajuarez.mx\/historico\/wp-json\/wp\/v2\/users\/93"}],"replies":[{"embeddable":true,"href":"https:\/\/plazajuarez.mx\/historico\/wp-json\/wp\/v2\/comments?post=22130"}],"version-history":[{"count":0,"href":"https:\/\/plazajuarez.mx\/historico\/wp-json\/wp\/v2\/posts\/22130\/revisions"}],"wp:attachment":[{"href":"https:\/\/plazajuarez.mx\/historico\/wp-json\/wp\/v2\/media?parent=22130"}],"wp:term":[{"taxonomy":"category","embeddable":true,"href":"https:\/\/plazajuarez.mx\/historico\/wp-json\/wp\/v2\/categories?post=22130"},{"taxonomy":"post_tag","embeddable":true,"href":"https:\/\/plazajuarez.mx\/historico\/wp-json\/wp\/v2\/tags?post=22130"}],"curies":[{"name":"wp","href":"https:\/\/api.w.org\/{rel}","templated":true}]}}