{"id":2213,"date":"2015-03-14T06:00:00","date_gmt":"2015-03-14T06:00:00","guid":{"rendered":"http:\/\/plazajuarez.mx\/index\/index.php\/2015\/03\/14\/desconoce-director-el-destino-del-actual-hospital-general\/"},"modified":"2015-03-14T06:00:00","modified_gmt":"2015-03-14T06:00:00","slug":"desconoce-director-el-destino-del-actual-hospital-general","status":"publish","type":"post","link":"https:\/\/plazajuarez.mx\/historico\/desconoce-director-el-destino-del-actual-hospital-general\/","title":{"rendered":"Desconoce director el destino del actual Hospital General"},"content":{"rendered":"<p><span style=\"font-family: verdana,geneva; font-size: 10pt;\"><strong>Tulancingo<\/strong><\/span><\/p>\n<p><strong><span style=\"font-family: verdana,geneva; font-size: 10pt;\">Las autoridades del actual Hospital General de Tulancingo a\u00fan desconocen la utilidad que tendr\u00e1 el edificio, una vez que las instalaciones se muden a lo que ser\u00e1 el Hospital Regional, en la zona de Paxtepec, durante el pr\u00f3ximo agosto, como lo anunci\u00f3 el mandatario estatal.<\/span><\/strong><\/p>\n<p>  <!--more-->  <\/p>\n<p>\u00a0<\/p>\n<p><span style=\"font-family: verdana,geneva; font-size: 10pt;\">El doctor Mario Tenorio Pastrana, director general del nosocomio, declar\u00f3 que la situaci\u00f3n se est\u00e1 analizando con las autoridades correspondientes, aunque no se aventur\u00f3 en revelar el funcionamiento final de las actuales instalaciones.<\/span><\/p>\n<p><span style=\"font-family: verdana,geneva; font-size: 10pt;\">\u00a0<\/span><\/p>\n<p><span style=\"font-family: verdana,geneva; font-size: 10pt;\">Cabe recordar que el a\u00f1o pasado se crearon un par de oficinas al edificio que da servicio actualmente; adem\u00e1s, en estos primeros meses del 2015, se cambiaron las tuber\u00edas por donde viaja el ox\u00edgeno y el gas que se necesita para su funcionamiento.<\/span><\/p>\n<p><span style=\"font-family: verdana,geneva; font-size: 10pt;\">\u00a0<\/span><\/p>\n<p><span style=\"font-family: verdana,geneva; font-size: 10pt;\">Tenorio Pastrana asegur\u00f3 que el subsecretario de prestaci\u00f3n de servicios de salud en Hidalgo, Jos\u00e9 Antonio Copca, anunci\u00f3 que se est\u00e1n haciendo los estudios epidemiol\u00f3gicos para saber qu\u00e9 pasar\u00e1 con el actual hospital, y qu\u00e9 tipo de servicio estar\u00e1 prestando luego del traslado anunciado.<\/span><\/p>\n<p><span style=\"font-family: verdana,geneva; font-size: 10pt;\">\u00a0<\/span><\/p>\n<p><span style=\"font-family: verdana,geneva; font-size: 10pt;\">Sin embargo, el galeno revel\u00f3 que se analizan algunas opciones, tales como el que funcione como un hospital obst\u00e9trico, hospital geri\u00e1trico, como hospital de d\u00eda, o uno que permita el manejo de pacientes con enfermedades cr\u00f3nico degenerativas.<\/span><\/p>\n<p><span style=\"font-family: verdana,geneva; font-size: 10pt;\">\u00a0<\/span><\/p>\n<p><span style=\"font-family: verdana,geneva; font-size: 10pt;\">La determinaci\u00f3n final est\u00e1 en manos de las autoridades estatales que manejan el tema de Salud, cuyo objetivo es dejar las instalaciones funcionado de manera \u00f3ptima, una vez que el hospital se mude.<\/span><\/p>\n<p><span style=\"font-family: verdana,geneva; font-size: 10pt;\">\u00a0<\/span><\/p>\n<p><span style=\"font-family: verdana,geneva; font-size: 10pt;\">Sin embargo, en caso de que se determine ser un hospital obst\u00e9trico, un geri\u00e1trico o para atender a pacientes cr\u00f3nicos degenerativos, se necesitan hacer algunas adecuaciones a la infraestructura general, dijo el director.<\/span><\/p>\n<p><span style=\"font-family: verdana,geneva; font-size: 10pt;\">\u00a0<\/span><\/p>\n<p><span style=\"font-family: verdana,geneva; font-size: 10pt;\">Por tal motivo, y ante el hecho de que, en caso de ser finalmente un hospital de d\u00eda no se requiere adecuaci\u00f3n alguna, el m\u00e9dico reconoci\u00f3 que \u00e9sta es la posibilidad m\u00e1s viable.<\/span><\/p>\n<p><span style=\"font-family: verdana,geneva; font-size: 10pt;\">\u00a0<\/span><\/p>\n","protected":false},"excerpt":{"rendered":"<p>Tulancingo Las autoridades del actual Hospital General de Tulancingo a\u00fan desconocen la utilidad que tendr\u00e1 el edificio, una vez que las instalaciones se muden a lo que ser\u00e1 el Hospital Regional, en la zona de Paxtepec, durante el pr\u00f3ximo agosto, como lo anunci\u00f3 el mandatario estatal.<\/p>\n","protected":false},"author":93,"featured_media":0,"comment_status":"open","ping_status":"open","sticky":false,"template":"","format":"standard","meta":{"footnotes":""},"categories":[40],"tags":[],"class_list":["post-2213","post","type-post","status-publish","format-standard","hentry","category-region"],"_links":{"self":[{"href":"https:\/\/plazajuarez.mx\/historico\/wp-json\/wp\/v2\/posts\/2213","targetHints":{"allow":["GET"]}}],"collection":[{"href":"https:\/\/plazajuarez.mx\/historico\/wp-json\/wp\/v2\/posts"}],"about":[{"href":"https:\/\/plazajuarez.mx\/historico\/wp-json\/wp\/v2\/types\/post"}],"author":[{"embeddable":true,"href":"https:\/\/plazajuarez.mx\/historico\/wp-json\/wp\/v2\/users\/93"}],"replies":[{"embeddable":true,"href":"https:\/\/plazajuarez.mx\/historico\/wp-json\/wp\/v2\/comments?post=2213"}],"version-history":[{"count":0,"href":"https:\/\/plazajuarez.mx\/historico\/wp-json\/wp\/v2\/posts\/2213\/revisions"}],"wp:attachment":[{"href":"https:\/\/plazajuarez.mx\/historico\/wp-json\/wp\/v2\/media?parent=2213"}],"wp:term":[{"taxonomy":"category","embeddable":true,"href":"https:\/\/plazajuarez.mx\/historico\/wp-json\/wp\/v2\/categories?post=2213"},{"taxonomy":"post_tag","embeddable":true,"href":"https:\/\/plazajuarez.mx\/historico\/wp-json\/wp\/v2\/tags?post=2213"}],"curies":[{"name":"wp","href":"https:\/\/api.w.org\/{rel}","templated":true}]}}