{"id":221241,"date":"2022-07-04T09:03:50","date_gmt":"2022-07-04T14:03:50","guid":{"rendered":"https:\/\/plazajuarez.mx\/?p=221241"},"modified":"2022-07-04T09:03:59","modified_gmt":"2022-07-04T14:03:59","slug":"detienen-a-homicida-estaba-profugo-y-se-refugiaba-en-tizayuca","status":"publish","type":"post","link":"https:\/\/plazajuarez.mx\/historico\/detienen-a-homicida-estaba-profugo-y-se-refugiaba-en-tizayuca\/","title":{"rendered":"DETIENEN A HOMICIDA; ESTABA PR\u00d3FUGO Y SE REFUGIABA EN TIZAYUCA\u00a0"},"content":{"rendered":"\n<p><strong>TIZAYUCA<\/strong>.- Elementos del grupo de trabajo anti homicidios de la Secretar\u00eda de Seguridad y Protecci\u00f3n Ciudadana, en coordinaci\u00f3n con agentes de la Fiscal\u00eda General de Justicia mexiquense y de la procuradur\u00eda de Hidalgo, detuvieron despu\u00e9s de tres a\u00f1os de estar pr\u00f3fugo a Felipe German &#8220;N&#8221;, de 35 a\u00f1os de edad, relacionado con el asesinato de un joven durante la celebraci\u00f3n de un carnaval en Chimalhuac\u00e1n, Estado de M\u00e9xico.<\/p>\n\n\n\n<p>El imputado que fue identificado como operador de una banda que se dedicaba a \u201cgenerar&nbsp; violencia\u201d, viv\u00eda en Tizayuca.&nbsp;<\/p>\n\n\n\n<p>De acuerdo con las investigaciones ministeriales, la noche del 3 de marzo de 2019, la v\u00edctima, Jorge Gabriel estaba en un carnaval en la cabecera municipal de Chimalhuac\u00e1n, cuando de pronto siete hombres lo comenzaron a perseguir. La v\u00edctima corri\u00f3; sin embargo, fue alcanzado por el grupo, con el que se juntaba el hoy detenido.<\/p>\n\n\n\n<p>Respecto a los lamentables hechos, el grupo de hombres lo golpearon con un tubo; despu\u00e9s, uno de ellos sac\u00f3 una pistola y realiz\u00f3 un disparo al aire para amenazar a una testigo. Las investigaciones tambi\u00e9n arrojan que usaron un cuchillo para herirlo en la espalda; los atacantes huyeron y minutos despu\u00e9s polic\u00edas municipales trasladaron al lesionado a un hospital de la zona.<\/p>\n\n\n\n<p>Cuando recib\u00eda atenci\u00f3n m\u00e9dica, la v\u00edctima falleci\u00f3 por los golpes que recibi\u00f3 en la cabeza y por las lesiones ocasionadas con el arma punzocortante.<\/p>\n\n\n\n<p>Por estos hechos, un Juez de Control gir\u00f3 una orden de aprehensi\u00f3n por el delito de homicidio calificado, por lo que el equipo interinstitucional se traslad\u00f3 a Tizayuca, donde Felipe Germ\u00e1n \u201cN\u201d fue capturado con apego a la Ley Nacional del Uso de la Fuerza y con respeto a sus derechos humanos.<\/p>\n","protected":false},"excerpt":{"rendered":"<p>TIZAYUCA.- Elementos del grupo de trabajo anti homicidios de la Secretar\u00eda de Seguridad y Protecci\u00f3n Ciudadana, en coordinaci\u00f3n con agentes de la Fiscal\u00eda General de Justicia mexiquense y de la procuradur\u00eda de Hidalgo, detuvieron despu\u00e9s de tres a\u00f1os de estar pr\u00f3fugo a Felipe German &#8220;N&#8221;, de 35 a\u00f1os de edad, relacionado con el asesinato de [&hellip;]<\/p>\n","protected":false},"author":93,"featured_media":221242,"comment_status":"closed","ping_status":"closed","sticky":false,"template":"","format":"standard","meta":{"footnotes":""},"categories":[2159,40],"tags":[],"class_list":["post-221241","post","type-post","status-publish","format-standard","has-post-thumbnail","hentry","category-noticias-de-hidalgo","category-region"],"_links":{"self":[{"href":"https:\/\/plazajuarez.mx\/historico\/wp-json\/wp\/v2\/posts\/221241","targetHints":{"allow":["GET"]}}],"collection":[{"href":"https:\/\/plazajuarez.mx\/historico\/wp-json\/wp\/v2\/posts"}],"about":[{"href":"https:\/\/plazajuarez.mx\/historico\/wp-json\/wp\/v2\/types\/post"}],"author":[{"embeddable":true,"href":"https:\/\/plazajuarez.mx\/historico\/wp-json\/wp\/v2\/users\/93"}],"replies":[{"embeddable":true,"href":"https:\/\/plazajuarez.mx\/historico\/wp-json\/wp\/v2\/comments?post=221241"}],"version-history":[{"count":0,"href":"https:\/\/plazajuarez.mx\/historico\/wp-json\/wp\/v2\/posts\/221241\/revisions"}],"wp:featuredmedia":[{"embeddable":true,"href":"https:\/\/plazajuarez.mx\/historico\/wp-json\/wp\/v2\/media\/221242"}],"wp:attachment":[{"href":"https:\/\/plazajuarez.mx\/historico\/wp-json\/wp\/v2\/media?parent=221241"}],"wp:term":[{"taxonomy":"category","embeddable":true,"href":"https:\/\/plazajuarez.mx\/historico\/wp-json\/wp\/v2\/categories?post=221241"},{"taxonomy":"post_tag","embeddable":true,"href":"https:\/\/plazajuarez.mx\/historico\/wp-json\/wp\/v2\/tags?post=221241"}],"curies":[{"name":"wp","href":"https:\/\/api.w.org\/{rel}","templated":true}]}}