{"id":221231,"date":"2022-07-04T08:58:49","date_gmt":"2022-07-04T13:58:49","guid":{"rendered":"https:\/\/plazajuarez.mx\/?p=221231"},"modified":"2022-07-04T08:58:56","modified_gmt":"2022-07-04T13:58:56","slug":"logran-sindicalizados-incremento-salarial-del-12-por-ciento","status":"publish","type":"post","link":"https:\/\/plazajuarez.mx\/historico\/logran-sindicalizados-incremento-salarial-del-12-por-ciento\/","title":{"rendered":"Logran sindicalizados incremento salarial del 12 por ciento\u00a0"},"content":{"rendered":"\n<p><strong>TEPEAPULCO<\/strong>.- Trabajadores sindicalizados y eventuales de la Secci\u00f3n 300, del Sindicato Nacional de Trabajadores Mineros, Metal\u00fargicos, Sider\u00fargicos y Similares de la Rep\u00fablica Mexicana, (SNTMMSRM), lograron un incremento salarial del 12 por ciento, globalizado y que este directo al tabulador en su revisi\u00f3n salarial 2022, adem\u00e1s de otras prestaciones tras las negociaciones con la empresa ASF-K de M\u00e9xico,\u00a0 planta Ciudad Sahag\u00fan.<\/p>\n\n\n\n<p>En la negociaci\u00f3n se revis\u00f3 y aprob\u00f3 un incremento directo al tabulador del ocho por ciento; un incremento del tres por ciento en un sola exhibici\u00f3n, m\u00e1s el uno por ciento de retroactivo correspondiente al primero de mayo, por lo que el incremento globalizado fue del 12 por ciento, as\u00ed lo inform\u00f3 Bert\u00edn Gonz\u00e1lez Garrido, Secretario general de la Secci\u00f3n 300.<\/p>\n\n\n\n<p>La estrategia sindical&nbsp; inici\u00f3 en mayo pasado, cuando se ingres\u00f3 el pliego petitorio conforme a lo que marca la ley \u201c60 d\u00edas antes de la fecha asentada en el Contrato Colectivo de Trabajo\u201d del sindicato, y en&nbsp; el que se busc\u00f3 proteger el poder adquisitivo de los trabajadores y sus familias.<\/p>\n\n\n\n<p>Los miembros de la Secci\u00f3n 300 del sindicato aprobaron el arreglo reunidos en asamblea general extraordinaria, en su sede sindical, ubicada en el auditorio M\u00e1rtires de Guanajuato, se hab\u00eda establecido que la fecha l\u00edmite que era el d\u00eda 30 de junio y en caso de vencerse comenzar\u00edan el proceso para una huelga, sin embargo no fue as\u00ed, hubo arreglo y la relaci\u00f3n obrero patronal contin\u00faa tras las negociaciones.<\/p>\n","protected":false},"excerpt":{"rendered":"<p>TEPEAPULCO.- Trabajadores sindicalizados y eventuales de la Secci\u00f3n 300, del Sindicato Nacional de Trabajadores Mineros, Metal\u00fargicos, Sider\u00fargicos y Similares de la Rep\u00fablica Mexicana, (SNTMMSRM), lograron un incremento salarial del 12 por ciento, globalizado y que este directo al tabulador en su revisi\u00f3n salarial 2022, adem\u00e1s de otras prestaciones tras las negociaciones con la empresa ASF-K [&hellip;]<\/p>\n","protected":false},"author":69,"featured_media":221232,"comment_status":"closed","ping_status":"closed","sticky":false,"template":"","format":"standard","meta":{"footnotes":""},"categories":[40],"tags":[],"class_list":["post-221231","post","type-post","status-publish","format-standard","has-post-thumbnail","hentry","category-region"],"_links":{"self":[{"href":"https:\/\/plazajuarez.mx\/historico\/wp-json\/wp\/v2\/posts\/221231","targetHints":{"allow":["GET"]}}],"collection":[{"href":"https:\/\/plazajuarez.mx\/historico\/wp-json\/wp\/v2\/posts"}],"about":[{"href":"https:\/\/plazajuarez.mx\/historico\/wp-json\/wp\/v2\/types\/post"}],"author":[{"embeddable":true,"href":"https:\/\/plazajuarez.mx\/historico\/wp-json\/wp\/v2\/users\/69"}],"replies":[{"embeddable":true,"href":"https:\/\/plazajuarez.mx\/historico\/wp-json\/wp\/v2\/comments?post=221231"}],"version-history":[{"count":0,"href":"https:\/\/plazajuarez.mx\/historico\/wp-json\/wp\/v2\/posts\/221231\/revisions"}],"wp:featuredmedia":[{"embeddable":true,"href":"https:\/\/plazajuarez.mx\/historico\/wp-json\/wp\/v2\/media\/221232"}],"wp:attachment":[{"href":"https:\/\/plazajuarez.mx\/historico\/wp-json\/wp\/v2\/media?parent=221231"}],"wp:term":[{"taxonomy":"category","embeddable":true,"href":"https:\/\/plazajuarez.mx\/historico\/wp-json\/wp\/v2\/categories?post=221231"},{"taxonomy":"post_tag","embeddable":true,"href":"https:\/\/plazajuarez.mx\/historico\/wp-json\/wp\/v2\/tags?post=221231"}],"curies":[{"name":"wp","href":"https:\/\/api.w.org\/{rel}","templated":true}]}}