{"id":221202,"date":"2022-07-04T08:42:54","date_gmt":"2022-07-04T13:42:54","guid":{"rendered":"https:\/\/plazajuarez.mx\/?p=221202"},"modified":"2022-07-04T08:43:06","modified_gmt":"2022-07-04T13:43:06","slug":"entre-el-poder-y-el-tiempo","status":"publish","type":"post","link":"https:\/\/plazajuarez.mx\/historico\/entre-el-poder-y-el-tiempo\/","title":{"rendered":"Entre el poder y el tiempo"},"content":{"rendered":"\n<h2 class=\"wp-block-heading\">RETRATOS HABLADOS<\/h2>\n\n\n\n<p>El poder, su ejercicio, el camino para alcanzarlo, el Padre Tiempo que finalmente es el \u00fanico que lleva a perderlo, son los dos elementos que siempre causan estragos en cualquier pol\u00edtico, lo quiera o no, lo acepte o lo niegue. No hay forma de evitar sus efectos, en el caso del primero, de tipo enervante; en el segundo, porque resulta ser el \u00fanico ant\u00eddoto contra el estado de absoluta desconexi\u00f3n de la realidad que genera el poder. A veces incluso debe ser tan dr\u00e1stico en su tarea \u00fanica de salvar el alma del que levita sin ser un santo, que procede a liquidarlos.<\/p>\n\n\n\n<p>A todos nos atrae el poder, a muy pocos se les da su ejercicio. En la mayor\u00eda de los casos el ciudadano simplemente tiene noticias de que alguien logr\u00f3 alcanzarlo, para poseerlo, tenerlo en sus manos por seis a\u00f1os. En la costumbre de no ser siquiera espectadores, se saben los que padecer\u00e1n o disfrutar\u00e1n su ejercicio en manos equivocadas o, todo lo contrario.<\/p>\n\n\n\n<p><strong>No hay recetas para la construcci\u00f3n de seres humanos que no sucumban a sus m\u00e1gicos poderes, su capacidad para aceptar como realidad lo que es irreal, su vocaci\u00f3n \u00fanica de transformar a un ser humano \u201cnormal\u201d, en el que es capaz de convertir el mundo entero a imagen y semejanza de lo que solo \u00e9l ve, \u00e9l toca, \u00e9l goza.<\/strong><\/p>\n\n\n\n<p>Sus poderes son, sin embargo, irremediablemente incurables, y es en ese momento cuando el Padre Tiempo es llamado a escena como \u00fanica v\u00eda de soluci\u00f3n para invitar al retiro del que ha enloquecido.&nbsp;<\/p>\n\n\n\n<p>Y es en ese momento cuando el hombre de poder debe salir por la puerta trasera del escenario, por la simple y sencilla raz\u00f3n de que fue derrotado por todo lo que el poder trae consigo.<\/p>\n\n\n\n<p>Pocos logran salir indemnes del reto m\u00e1s grande para un ser humano en toda la historia de la humanidad. Son unos cuantos, pero marcan el destino del mundo entero.<\/p>\n\n\n\n<p>Por esa raz\u00f3n siempre es conveniente que, a quien est\u00e1 a punto de tomar el mando, el destino de todos los hidalguenses en sus manos, se le advierta si al concluir su mandato desea que le sea aplicada la soluci\u00f3n final del tiempo, o dejarlo como uno de esos casos \u00fanicos en el que su paso dej\u00f3 un recuerdo amable.<\/p>\n\n\n\n<p><strong>Mil gracias, hasta ma\u00f1ana.<\/strong><\/p>\n\n\n\n<p><a href=\"mailto:jeperalta@plazajuarez.mx\/historico\/historico\">jeperalta@plazajuarez.mx\/historico\/historico<\/a><\/p>\n\n\n\n<p>@JavierEPeralta<\/p>\n","protected":false},"excerpt":{"rendered":"<p>RETRATOS HABLADOS El poder, su ejercicio, el camino para alcanzarlo, el Padre Tiempo que finalmente es el \u00fanico que lleva a perderlo, son los dos elementos que siempre causan estragos en cualquier pol\u00edtico, lo quiera o no, lo acepte o lo niegue. No hay forma de evitar sus efectos, en el caso del primero, de [&hellip;]<\/p>\n","protected":false},"author":10,"featured_media":208653,"comment_status":"closed","ping_status":"closed","sticky":false,"template":"","format":"standard","meta":{"footnotes":""},"categories":[49,42],"tags":[],"class_list":["post-221202","post","type-post","status-publish","format-standard","has-post-thumbnail","hentry","category-javier-peralta","category-nuestrapalabra"],"_links":{"self":[{"href":"https:\/\/plazajuarez.mx\/historico\/wp-json\/wp\/v2\/posts\/221202","targetHints":{"allow":["GET"]}}],"collection":[{"href":"https:\/\/plazajuarez.mx\/historico\/wp-json\/wp\/v2\/posts"}],"about":[{"href":"https:\/\/plazajuarez.mx\/historico\/wp-json\/wp\/v2\/types\/post"}],"author":[{"embeddable":true,"href":"https:\/\/plazajuarez.mx\/historico\/wp-json\/wp\/v2\/users\/10"}],"replies":[{"embeddable":true,"href":"https:\/\/plazajuarez.mx\/historico\/wp-json\/wp\/v2\/comments?post=221202"}],"version-history":[{"count":0,"href":"https:\/\/plazajuarez.mx\/historico\/wp-json\/wp\/v2\/posts\/221202\/revisions"}],"wp:featuredmedia":[{"embeddable":true,"href":"https:\/\/plazajuarez.mx\/historico\/wp-json\/wp\/v2\/media\/208653"}],"wp:attachment":[{"href":"https:\/\/plazajuarez.mx\/historico\/wp-json\/wp\/v2\/media?parent=221202"}],"wp:term":[{"taxonomy":"category","embeddable":true,"href":"https:\/\/plazajuarez.mx\/historico\/wp-json\/wp\/v2\/categories?post=221202"},{"taxonomy":"post_tag","embeddable":true,"href":"https:\/\/plazajuarez.mx\/historico\/wp-json\/wp\/v2\/tags?post=221202"}],"curies":[{"name":"wp","href":"https:\/\/api.w.org\/{rel}","templated":true}]}}