{"id":221199,"date":"2022-07-04T08:41:43","date_gmt":"2022-07-04T13:41:43","guid":{"rendered":"https:\/\/plazajuarez.mx\/?p=221199"},"modified":"2022-07-04T08:41:50","modified_gmt":"2022-07-04T13:41:50","slug":"del-6-al-8-de-julio-continua-vacunacion-contra-la-covid-19","status":"publish","type":"post","link":"https:\/\/plazajuarez.mx\/historico\/del-6-al-8-de-julio-continua-vacunacion-contra-la-covid-19\/","title":{"rendered":"Del 6 al 8 de julio, contin\u00faa vacunaci\u00f3n contra la Covid-19"},"content":{"rendered":"\n<p>De acuerdo con informaci\u00f3n publicada por la Delegaci\u00f3n de Programas para el Bienestar Hidalgo, desde el mi\u00e9rcoles seis y hasta el viernes ocho de julio, se llevar\u00e1 a cabo la estrategia de vacunaci\u00f3n contra la Covid-19 en ni\u00f1os de 5 a 11 a\u00f1os de edad.<\/p>\n\n\n\n<p>La jornada se llevar\u00e1 a cabo con la aplicaci\u00f3n del biol\u00f3gico Pfizer-Biontech, en los municipios de Mineral de la Reforma, Tulancingo, Tizayuca y Zempoala, en estos dos \u00faltimos municipios se dar\u00e1 continuidad a la estrategia que inici\u00f3 la semana pasada, luego de la demanda.<\/p>\n\n\n\n<p>Cabe destacar que para acudir a la primera dosis de la vacuna, los peque\u00f1os deben estar registrados en la p\u00e1gina \u201cMi vacuna\u201d, imprimir el folio y expediente de vacunaci\u00f3n, que deber\u00e1n estar llenos con sus datos.<\/p>\n\n\n\n<p>Adem\u00e1s, es importante se\u00f1alar que por normativa de Cofepris (Comisi\u00f3n Federal para la Protecci\u00f3n contra Riesgos Sanitarios), los menores deber\u00e1n tener los 5 a\u00f1os cumplidos al momento de acudir a la sede.<\/p>\n\n\n\n<p>En el caso de Mineral de la Reforma, estar\u00e1n disponibles tres sedes de vacunaci\u00f3n: el Centro de Alto Rendimiento La Providencia (MIRE), el Teatro del Pueblo \u201cChicomec\u00f3atl\u201d en Pachuquilla y el Polideportivo CEUMH.<\/p>\n\n\n\n<p>En las tres sedes la aplicaci\u00f3n se llevar\u00e1 de acuerdo con la letra del primer apellido, y en los horarios de 8:00, 10:00 y 12:00 horas.<\/p>\n","protected":false},"excerpt":{"rendered":"<p>De acuerdo con informaci\u00f3n publicada por la Delegaci\u00f3n de Programas para el Bienestar Hidalgo, desde el mi\u00e9rcoles seis y hasta el viernes ocho de julio, se llevar\u00e1 a cabo la estrategia de vacunaci\u00f3n contra la Covid-19 en ni\u00f1os de 5 a 11 a\u00f1os de edad. La jornada se llevar\u00e1 a cabo con la aplicaci\u00f3n del [&hellip;]<\/p>\n","protected":false},"author":73,"featured_media":221200,"comment_status":"closed","ping_status":"closed","sticky":false,"template":"","format":"standard","meta":{"footnotes":""},"categories":[15,59],"tags":[],"class_list":["post-221199","post","type-post","status-publish","format-standard","has-post-thumbnail","hentry","category-destacadas","category-general"],"_links":{"self":[{"href":"https:\/\/plazajuarez.mx\/historico\/wp-json\/wp\/v2\/posts\/221199","targetHints":{"allow":["GET"]}}],"collection":[{"href":"https:\/\/plazajuarez.mx\/historico\/wp-json\/wp\/v2\/posts"}],"about":[{"href":"https:\/\/plazajuarez.mx\/historico\/wp-json\/wp\/v2\/types\/post"}],"author":[{"embeddable":true,"href":"https:\/\/plazajuarez.mx\/historico\/wp-json\/wp\/v2\/users\/73"}],"replies":[{"embeddable":true,"href":"https:\/\/plazajuarez.mx\/historico\/wp-json\/wp\/v2\/comments?post=221199"}],"version-history":[{"count":0,"href":"https:\/\/plazajuarez.mx\/historico\/wp-json\/wp\/v2\/posts\/221199\/revisions"}],"wp:featuredmedia":[{"embeddable":true,"href":"https:\/\/plazajuarez.mx\/historico\/wp-json\/wp\/v2\/media\/221200"}],"wp:attachment":[{"href":"https:\/\/plazajuarez.mx\/historico\/wp-json\/wp\/v2\/media?parent=221199"}],"wp:term":[{"taxonomy":"category","embeddable":true,"href":"https:\/\/plazajuarez.mx\/historico\/wp-json\/wp\/v2\/categories?post=221199"},{"taxonomy":"post_tag","embeddable":true,"href":"https:\/\/plazajuarez.mx\/historico\/wp-json\/wp\/v2\/tags?post=221199"}],"curies":[{"name":"wp","href":"https:\/\/api.w.org\/{rel}","templated":true}]}}