{"id":221120,"date":"2022-07-03T08:37:41","date_gmt":"2022-07-03T13:37:41","guid":{"rendered":"https:\/\/plazajuarez.mx\/?p=221120"},"modified":"2022-07-03T08:37:51","modified_gmt":"2022-07-03T13:37:51","slug":"en-el-congreso-local-buscan-prohibir-la-alineacion-parental","status":"publish","type":"post","link":"https:\/\/plazajuarez.mx\/historico\/en-el-congreso-local-buscan-prohibir-la-alineacion-parental\/","title":{"rendered":"En el Congreso Local, buscan prohibir la alineaci\u00f3n parental"},"content":{"rendered":"\n<p>La diputada local de la fracci\u00f3n del Partido Nueva Alianza Hidalgo (PNAH) Adelaida Mu\u00f1oz Jumilla, propuso reformar varias disposiciones de la Ley para la Atenci\u00f3n y Sanci\u00f3n de la Violencia Familiar en materia de alienaci\u00f3n parental, a fin de evitar este tipo de pr\u00e1ctica en los padres o madres que tienen la custodia de los hijos.<\/p>\n\n\n\n<p>Explic\u00f3 que la alienaci\u00f3n parental es: \u201cTodo acto de manipulaci\u00f3n, inducci\u00f3n o enga\u00f1o ejercido por uno de los progenitores con la intenci\u00f3n de producir en su hija o&nbsp; hijo menor de edad, rencor, odio, miedo o desprecio en contra del otro&nbsp; progenitor\u201d.&nbsp;<\/p>\n\n\n\n<p>Enfatiz\u00f3 que la persona que ejerza la patria potestad, tutela, guarda o custodia deber\u00e1 procurar el derecho de la ni\u00f1a, ni\u00f1o o adolescente a vivir en familia, por lo que promover\u00e1&nbsp; el acercamiento, respeto y adecuada convivencia con ambos ascendientes, y&nbsp; deber\u00e1 evitar cualquier acto de alienaci\u00f3n parental.<\/p>\n\n\n\n<p>Y agreg\u00f3 que en el art\u00edculo 102 queda se\u00f1aladas las&nbsp; obligaciones de quienes ejercen la patria potestad, tutela o&nbsp; guarda y custodia, as\u00ed como de las dem\u00e1s personas que por raz\u00f3n de sus funciones&nbsp; o actividades tengan bajo su cuidado ni\u00f1as, ni\u00f1os o adolescentes, en proporci\u00f3n a&nbsp; su responsabilidad y, cuando sean instituciones p\u00fablicas, conforme a su \u00e1mbito de&nbsp; competencia.<\/p>\n\n\n\n<p>Pidi\u00f3 que se sume: \u201cevitar conductas de alienaci\u00f3n parental, o de cualquier otro tipo, que puedan\u00a0 vulnerar el ambiente de respeto, v\u00ednculo o adecuada convivencia, genere\u00a0 violencia, rechazo, rencor, odio, miedo o desprecio, en las relaciones entre ni\u00f1as,\u00a0 ni\u00f1os y adolescentes y de \u00e9stos con quienes ejercen la patria potestad, tutela o\u00a0 guarda y custodia, as\u00ed como con los dem\u00e1s miembros de su familia\u201d.\u00a0<\/p>\n","protected":false},"excerpt":{"rendered":"<p>La diputada local de la fracci\u00f3n del Partido Nueva Alianza Hidalgo (PNAH) Adelaida Mu\u00f1oz Jumilla, propuso reformar varias disposiciones de la Ley para la Atenci\u00f3n y Sanci\u00f3n de la Violencia Familiar en materia de alienaci\u00f3n parental, a fin de evitar este tipo de pr\u00e1ctica en los padres o madres que tienen la custodia de los [&hellip;]<\/p>\n","protected":false},"author":72,"featured_media":221136,"comment_status":"closed","ping_status":"closed","sticky":false,"template":"","format":"standard","meta":{"footnotes":""},"categories":[15,59],"tags":[],"class_list":["post-221120","post","type-post","status-publish","format-standard","has-post-thumbnail","hentry","category-destacadas","category-general"],"_links":{"self":[{"href":"https:\/\/plazajuarez.mx\/historico\/wp-json\/wp\/v2\/posts\/221120","targetHints":{"allow":["GET"]}}],"collection":[{"href":"https:\/\/plazajuarez.mx\/historico\/wp-json\/wp\/v2\/posts"}],"about":[{"href":"https:\/\/plazajuarez.mx\/historico\/wp-json\/wp\/v2\/types\/post"}],"author":[{"embeddable":true,"href":"https:\/\/plazajuarez.mx\/historico\/wp-json\/wp\/v2\/users\/72"}],"replies":[{"embeddable":true,"href":"https:\/\/plazajuarez.mx\/historico\/wp-json\/wp\/v2\/comments?post=221120"}],"version-history":[{"count":0,"href":"https:\/\/plazajuarez.mx\/historico\/wp-json\/wp\/v2\/posts\/221120\/revisions"}],"wp:featuredmedia":[{"embeddable":true,"href":"https:\/\/plazajuarez.mx\/historico\/wp-json\/wp\/v2\/media\/221136"}],"wp:attachment":[{"href":"https:\/\/plazajuarez.mx\/historico\/wp-json\/wp\/v2\/media?parent=221120"}],"wp:term":[{"taxonomy":"category","embeddable":true,"href":"https:\/\/plazajuarez.mx\/historico\/wp-json\/wp\/v2\/categories?post=221120"},{"taxonomy":"post_tag","embeddable":true,"href":"https:\/\/plazajuarez.mx\/historico\/wp-json\/wp\/v2\/tags?post=221120"}],"curies":[{"name":"wp","href":"https:\/\/api.w.org\/{rel}","templated":true}]}}