{"id":221112,"date":"2022-07-02T15:04:23","date_gmt":"2022-07-02T20:04:23","guid":{"rendered":"https:\/\/plazajuarez.mx\/?p=221112"},"modified":"2022-07-02T15:04:29","modified_gmt":"2022-07-02T20:04:29","slug":"panal_abejas","status":"publish","type":"post","link":"https:\/\/plazajuarez.mx\/historico\/panal_abejas\/","title":{"rendered":"Enjambre de abejas ataca a persona de la tercera edad"},"content":{"rendered":"\n<p>Esta ma\u00f1ana un adulto mayor de la localidad de El Chote perteneciente al municipio de Huejutla fue atacado por un enjambre de abejas.<\/p>\n\n\n\n<p>La v\u00edctima fue identificada como Nicol\u00e1s N. de 68 a\u00f1os, vecino de la comunidad de Santa Catarina.<\/p>\n\n\n\n<p>Sobre los hechos se inform\u00f3 que fu\u00e9 esta ma\u00f1ana aproximadamente a las 11:40 horas en la comunidad antes se\u00f1alada; cuando elementos del cuerpo de bomberos, polic\u00eda municipal entre otros servicios de emergencias recibieron el reporte y acudieron al lugar para brindar auxilio al adulto mayor.<\/p>\n\n\n\n<p>De inmediato personal de bomberos atendieron al afectado qui\u00e9n fue llevado a una cl\u00ednica de Huejutla debido a que presentaba un probable shock anafilactico.<\/p>\n\n\n\n<p>Cuerpos de emergencias indicaron que fue un enjambre con m\u00e1s de 327 abejas las que atacaron a la v\u00edctima en varias partes del cuerpo.<\/p>\n","protected":false},"excerpt":{"rendered":"<p>Esta ma\u00f1ana un adulto mayor de la localidad de El Chote perteneciente al municipio de Huejutla fue atacado por un enjambre de abejas. La v\u00edctima fue identificada como Nicol\u00e1s N. de 68 a\u00f1os, vecino de la comunidad de Santa Catarina. Sobre los hechos se inform\u00f3 que fu\u00e9 esta ma\u00f1ana aproximadamente a las 11:40 horas en [&hellip;]<\/p>\n","protected":false},"author":76,"featured_media":221113,"comment_status":"closed","ping_status":"closed","sticky":false,"template":"","format":"standard","meta":{"footnotes":""},"categories":[15,2159,40],"tags":[],"class_list":["post-221112","post","type-post","status-publish","format-standard","has-post-thumbnail","hentry","category-destacadas","category-noticias-de-hidalgo","category-region"],"_links":{"self":[{"href":"https:\/\/plazajuarez.mx\/historico\/wp-json\/wp\/v2\/posts\/221112","targetHints":{"allow":["GET"]}}],"collection":[{"href":"https:\/\/plazajuarez.mx\/historico\/wp-json\/wp\/v2\/posts"}],"about":[{"href":"https:\/\/plazajuarez.mx\/historico\/wp-json\/wp\/v2\/types\/post"}],"author":[{"embeddable":true,"href":"https:\/\/plazajuarez.mx\/historico\/wp-json\/wp\/v2\/users\/76"}],"replies":[{"embeddable":true,"href":"https:\/\/plazajuarez.mx\/historico\/wp-json\/wp\/v2\/comments?post=221112"}],"version-history":[{"count":0,"href":"https:\/\/plazajuarez.mx\/historico\/wp-json\/wp\/v2\/posts\/221112\/revisions"}],"wp:featuredmedia":[{"embeddable":true,"href":"https:\/\/plazajuarez.mx\/historico\/wp-json\/wp\/v2\/media\/221113"}],"wp:attachment":[{"href":"https:\/\/plazajuarez.mx\/historico\/wp-json\/wp\/v2\/media?parent=221112"}],"wp:term":[{"taxonomy":"category","embeddable":true,"href":"https:\/\/plazajuarez.mx\/historico\/wp-json\/wp\/v2\/categories?post=221112"},{"taxonomy":"post_tag","embeddable":true,"href":"https:\/\/plazajuarez.mx\/historico\/wp-json\/wp\/v2\/tags?post=221112"}],"curies":[{"name":"wp","href":"https:\/\/api.w.org\/{rel}","templated":true}]}}