{"id":221109,"date":"2022-07-02T13:44:31","date_gmt":"2022-07-02T18:44:31","guid":{"rendered":"https:\/\/plazajuarez.mx\/?p=221109"},"modified":"2022-07-02T13:44:40","modified_gmt":"2022-07-02T18:44:40","slug":"cdmx_","status":"publish","type":"post","link":"https:\/\/plazajuarez.mx\/historico\/cdmx_\/","title":{"rendered":"Salud de CDMX emite recomendaciones ante vacunaci\u00f3n Covid para ni\u00f1os"},"content":{"rendered":"\n<p>La Secretaria de Salud de la Ciudad de M\u00e9xico, Oliva L\u00f3pez Arellano, invit\u00f3 a madres y padres de familia, as\u00ed como a tutores de menores de 11 a 5 a\u00f1os, a llevarlos en el momento que les corresponda para evitar largas filas.<\/p>\n\n\n\n<p>A trav\u00e9s de un comunicado, la funcionaria precis\u00f3 que para recibir su vacuna es importante que los peque\u00f1os no tengan sintomatolog\u00eda como fiebre, dolor de garganta, tos o fiebre que pueda dar indicios de padecer Covid o que ya tengan el virus, dado que en ese estado no podr\u00e1n ser vacunados, debido a que no surtir\u00e1 el efecto deseado del biol\u00f3gico, y es mejor aislarlos para no contagiar a otras personas.<\/p>\n\n\n\n<p>Subray\u00f3 que las reacciones a la vacuna en menores son las mismas que en adultos: molestia en el sitio de la aplicaci\u00f3n del biol\u00f3gico, molestia en el brazo, dolor de cabeza, un poco de febr\u00edcula (bajarla con ba\u00f1os de agua tibia o un antipir\u00e9tico pedi\u00e1trico y descanso).<\/p>\n\n\n\n<p>Asimismo, recomend\u00f3 no tocar el lugar del piquete, ni aplicar pomadas, y s\u00f3lo en caso de ser necesario, tomar un analg\u00e9sico pedi\u00e1trico<\/p>\n\n\n\n<p>Finalmente, en caso de que las ni\u00f1as o ni\u00f1os est\u00e9n enfermos de Covid, L\u00f3pez Arellano pidi\u00f3 no preocuparse por no poder llevarlos en el d\u00eda que les corresponde de acuerdo al calendario establecido, pues 15 d\u00edas despu\u00e9s de que la ni\u00f1a o ni\u00f1o pase la etapa de la enfermedad, podr\u00e1 ser inoculado y s\u00f3lo hay que esperar a que se den nuevas fechas.<\/p>\n","protected":false},"excerpt":{"rendered":"<p>La Secretaria de Salud de la Ciudad de M\u00e9xico, Oliva L\u00f3pez Arellano, invit\u00f3 a madres y padres de familia, as\u00ed como a tutores de menores de 11 a 5 a\u00f1os, a llevarlos en el momento que les corresponda para evitar largas filas. A trav\u00e9s de un comunicado, la funcionaria precis\u00f3 que para recibir su vacuna [&hellip;]<\/p>\n","protected":false},"author":81,"featured_media":221110,"comment_status":"closed","ping_status":"open","sticky":false,"template":"","format":"standard","meta":{"footnotes":""},"categories":[2160],"tags":[],"class_list":["post-221109","post","type-post","status-publish","format-standard","has-post-thumbnail","hentry","category-noticias-de-la-ciudad-de-mexico"],"_links":{"self":[{"href":"https:\/\/plazajuarez.mx\/historico\/wp-json\/wp\/v2\/posts\/221109","targetHints":{"allow":["GET"]}}],"collection":[{"href":"https:\/\/plazajuarez.mx\/historico\/wp-json\/wp\/v2\/posts"}],"about":[{"href":"https:\/\/plazajuarez.mx\/historico\/wp-json\/wp\/v2\/types\/post"}],"author":[{"embeddable":true,"href":"https:\/\/plazajuarez.mx\/historico\/wp-json\/wp\/v2\/users\/81"}],"replies":[{"embeddable":true,"href":"https:\/\/plazajuarez.mx\/historico\/wp-json\/wp\/v2\/comments?post=221109"}],"version-history":[{"count":0,"href":"https:\/\/plazajuarez.mx\/historico\/wp-json\/wp\/v2\/posts\/221109\/revisions"}],"wp:featuredmedia":[{"embeddable":true,"href":"https:\/\/plazajuarez.mx\/historico\/wp-json\/wp\/v2\/media\/221110"}],"wp:attachment":[{"href":"https:\/\/plazajuarez.mx\/historico\/wp-json\/wp\/v2\/media?parent=221109"}],"wp:term":[{"taxonomy":"category","embeddable":true,"href":"https:\/\/plazajuarez.mx\/historico\/wp-json\/wp\/v2\/categories?post=221109"},{"taxonomy":"post_tag","embeddable":true,"href":"https:\/\/plazajuarez.mx\/historico\/wp-json\/wp\/v2\/tags?post=221109"}],"curies":[{"name":"wp","href":"https:\/\/api.w.org\/{rel}","templated":true}]}}