{"id":221107,"date":"2022-07-02T13:36:24","date_gmt":"2022-07-02T18:36:24","guid":{"rendered":"https:\/\/plazajuarez.mx\/?p=221107"},"modified":"2022-07-02T13:36:31","modified_gmt":"2022-07-02T18:36:31","slug":"checo_perez-12","status":"publish","type":"post","link":"https:\/\/plazajuarez.mx\/historico\/checo_perez-12\/","title":{"rendered":"Podemos pelear desde ah\u00ed, dice &#8220;Checo&#8221; P\u00e9rez"},"content":{"rendered":"\n<p>Sergio &#8220;Checo&#8221; P\u00e9rez largar\u00e1 desde el cuarto lugar este domingo en el Gran Premio de Gran Breta\u00f1a.<\/p>\n\n\n\n<p>El piloto mexicano destac\u00f3 el resultado obtenido en el circuito de Silverstone, donde su compa\u00f1ero de escuder\u00eda Max Verstappen arrancar\u00e1 la carrera en el segundo puesto.<\/p>\n\n\n\n<p>&#8220;No es muy mal resultado, creo que podemos pelear desde ah\u00ed&#8221;, expres\u00f3 el tapat\u00edo al finalizar la qualy.<\/p>\n\n\n\n<p>&#8220;Checo&#8221; P\u00e9rez reconoci\u00f3 que le hubiera gustado terminar unos lugares m\u00e1s arriba, pero destaca en la mejora de sus tiempos.<\/p>\n\n\n\n<p>&#8220;Hubiera querido estar m\u00e1s adelante, pero considerando el fin de semana, hoy sin duda mejoramos&#8221;, agreg\u00f3.<\/p>\n\n\n\n<p>El piloto mexicano en las pr\u00e1cticas del viernes termin\u00f3 en el lugar 12 y 7, para la \u00faltima pr\u00e1ctica libre cerr\u00f3 como el segundo mejor tiempo.<\/p>\n\n\n\n<p>Durante la qualy el invitado sorpresa fue la lluvia y este aspecto lo resalta P\u00e9rez de cara a la carrera por la corona del GP de Gran Breta\u00f1a.<\/p>\n\n\n\n<p>&#8220;Lo importante de estas condiciones es tener un buen lugar de arranque&#8221;, afirm\u00f3 Checo P\u00e9rez.<\/p>\n\n\n\n<p>\u00bfCU\u00c1NDO VER EL GRAN PREMIO DE GRAN BRETA\u00d1A?<\/p>\n\n\n\n<p>Este domingo la F\u00f3rmula 1 regresa con el Gran Premio de Gran Breta\u00f1a<\/p>\n\n\n\n<p>D\u00cdA: Domingo 3 de julio del 2022<\/p>\n\n\n\n<p>HORA: 09:00 horas<\/p>\n\n\n\n<p>CANAL: FOX Sports y F1TV<\/p>\n","protected":false},"excerpt":{"rendered":"<p>Sergio &#8220;Checo&#8221; P\u00e9rez largar\u00e1 desde el cuarto lugar este domingo en el Gran Premio de Gran Breta\u00f1a. El piloto mexicano destac\u00f3 el resultado obtenido en el circuito de Silverstone, donde su compa\u00f1ero de escuder\u00eda Max Verstappen arrancar\u00e1 la carrera en el segundo puesto. &#8220;No es muy mal resultado, creo que podemos pelear desde ah\u00ed&#8221;, expres\u00f3 [&hellip;]<\/p>\n","protected":false},"author":81,"featured_media":216734,"comment_status":"closed","ping_status":"closed","sticky":false,"template":"","format":"standard","meta":{"footnotes":""},"categories":[39],"tags":[],"class_list":["post-221107","post","type-post","status-publish","format-standard","has-post-thumbnail","hentry","category-deportiva"],"_links":{"self":[{"href":"https:\/\/plazajuarez.mx\/historico\/wp-json\/wp\/v2\/posts\/221107","targetHints":{"allow":["GET"]}}],"collection":[{"href":"https:\/\/plazajuarez.mx\/historico\/wp-json\/wp\/v2\/posts"}],"about":[{"href":"https:\/\/plazajuarez.mx\/historico\/wp-json\/wp\/v2\/types\/post"}],"author":[{"embeddable":true,"href":"https:\/\/plazajuarez.mx\/historico\/wp-json\/wp\/v2\/users\/81"}],"replies":[{"embeddable":true,"href":"https:\/\/plazajuarez.mx\/historico\/wp-json\/wp\/v2\/comments?post=221107"}],"version-history":[{"count":0,"href":"https:\/\/plazajuarez.mx\/historico\/wp-json\/wp\/v2\/posts\/221107\/revisions"}],"wp:featuredmedia":[{"embeddable":true,"href":"https:\/\/plazajuarez.mx\/historico\/wp-json\/wp\/v2\/media\/216734"}],"wp:attachment":[{"href":"https:\/\/plazajuarez.mx\/historico\/wp-json\/wp\/v2\/media?parent=221107"}],"wp:term":[{"taxonomy":"category","embeddable":true,"href":"https:\/\/plazajuarez.mx\/historico\/wp-json\/wp\/v2\/categories?post=221107"},{"taxonomy":"post_tag","embeddable":true,"href":"https:\/\/plazajuarez.mx\/historico\/wp-json\/wp\/v2\/tags?post=221107"}],"curies":[{"name":"wp","href":"https:\/\/api.w.org\/{rel}","templated":true}]}}