{"id":221104,"date":"2022-07-02T13:27:16","date_gmt":"2022-07-02T18:27:16","guid":{"rendered":"https:\/\/plazajuarez.mx\/?p=221104"},"modified":"2022-07-02T13:27:23","modified_gmt":"2022-07-02T18:27:23","slug":"dani_alves","status":"publish","type":"post","link":"https:\/\/plazajuarez.mx\/historico\/dani_alves\/","title":{"rendered":"Dani Alves se burla del &#8220;Piojo&#8221; Herrera"},"content":{"rendered":"\n<p>Miguel Herrera respondi\u00f3 a los cuestionamientos sobre el supuesto inter\u00e9s de los Tigres por el hist\u00f3rico defensor, Dani Alves.<\/p>\n\n\n\n<p>&#8220;Trato de rejuvenecer al plantel, quien no quisiera tener a Dani Alves, pero tener a un jugador de esa edad es m\u00e1s por el nombre y lo medi\u00e1tico que por lo que da en la cancha&#8221;, asever\u00f3 el Piojo.<\/p>\n\n\n\n<p>Surgi\u00f3 un rumor que se\u00f1ala a los Tigres y Pumas de estar interesados en el exjugador del Barcelona; sin embargo, al pol\u00e9mico t\u00e9cnico mexicano no le ilusiona mucho la idea.<\/p>\n\n\n\n<p>&#8220;Yo quiero al Dani, pero el que jugaba con Pep Guardiola. Con la edad que tiene, es un bombazo m\u00e1s de nombre que el tiempo que nos puede ayudar&#8221;, apunt\u00f3 el estratega.<\/p>\n\n\n\n<p>Estas declaraciones llegaron a Dani Alves, quien mediante Twitter se burl\u00f3 del &#8220;Piojo&#8221; Herrera y sus declaraciones de ayer al t\u00e9rmino del entrenamiento en el Estadio Universitario.<\/p>\n\n\n\n<p>&#8220;El pinche g\u00fcey maneja el tiempo ahora&#8221;, escribi\u00f3 el defensor de 38 a\u00f1os junto a un emoji ri\u00e9ndose.<\/p>\n\n\n\n<p>Dani Alves ha manifestado en reiteradas ocasiones su cari\u00f1o por M\u00e9xico. En los Juegos Ol\u00edmpicos de Tokio 2020 envi\u00f3 mensajes de aliento a la Selecci\u00f3n Mexicana, se ha declarado fan del Canelo \u00c1lvarez y de los tacos, adem\u00e1s de celebrar su cumplea\u00f1os con m\u00fasica mariachi.<\/p>\n","protected":false},"excerpt":{"rendered":"<p>Miguel Herrera respondi\u00f3 a los cuestionamientos sobre el supuesto inter\u00e9s de los Tigres por el hist\u00f3rico defensor, Dani Alves. &#8220;Trato de rejuvenecer al plantel, quien no quisiera tener a Dani Alves, pero tener a un jugador de esa edad es m\u00e1s por el nombre y lo medi\u00e1tico que por lo que da en la cancha&#8221;, [&hellip;]<\/p>\n","protected":false},"author":81,"featured_media":221105,"comment_status":"closed","ping_status":"closed","sticky":false,"template":"","format":"standard","meta":{"footnotes":""},"categories":[39],"tags":[],"class_list":["post-221104","post","type-post","status-publish","format-standard","has-post-thumbnail","hentry","category-deportiva"],"_links":{"self":[{"href":"https:\/\/plazajuarez.mx\/historico\/wp-json\/wp\/v2\/posts\/221104","targetHints":{"allow":["GET"]}}],"collection":[{"href":"https:\/\/plazajuarez.mx\/historico\/wp-json\/wp\/v2\/posts"}],"about":[{"href":"https:\/\/plazajuarez.mx\/historico\/wp-json\/wp\/v2\/types\/post"}],"author":[{"embeddable":true,"href":"https:\/\/plazajuarez.mx\/historico\/wp-json\/wp\/v2\/users\/81"}],"replies":[{"embeddable":true,"href":"https:\/\/plazajuarez.mx\/historico\/wp-json\/wp\/v2\/comments?post=221104"}],"version-history":[{"count":0,"href":"https:\/\/plazajuarez.mx\/historico\/wp-json\/wp\/v2\/posts\/221104\/revisions"}],"wp:featuredmedia":[{"embeddable":true,"href":"https:\/\/plazajuarez.mx\/historico\/wp-json\/wp\/v2\/media\/221105"}],"wp:attachment":[{"href":"https:\/\/plazajuarez.mx\/historico\/wp-json\/wp\/v2\/media?parent=221104"}],"wp:term":[{"taxonomy":"category","embeddable":true,"href":"https:\/\/plazajuarez.mx\/historico\/wp-json\/wp\/v2\/categories?post=221104"},{"taxonomy":"post_tag","embeddable":true,"href":"https:\/\/plazajuarez.mx\/historico\/wp-json\/wp\/v2\/tags?post=221104"}],"curies":[{"name":"wp","href":"https:\/\/api.w.org\/{rel}","templated":true}]}}