{"id":221046,"date":"2022-07-02T09:22:17","date_gmt":"2022-07-02T14:22:17","guid":{"rendered":"https:\/\/plazajuarez.mx\/?p=221046"},"modified":"2022-07-02T09:25:27","modified_gmt":"2022-07-02T14:25:27","slug":"concluidas-todas-las-obras-que-tula-de-allende-emprendio-en-2021","status":"publish","type":"post","link":"https:\/\/plazajuarez.mx\/historico\/concluidas-todas-las-obras-que-tula-de-allende-emprendio-en-2021\/","title":{"rendered":"Concluidas, todas las obras que Tula de Allende emprendi\u00f3 en 2021"},"content":{"rendered":"\n<p class=\"wp-block-paragraph\">Manuel Hern\u00e1ndez Badillo, presidente de Tula de Allende, refrend\u00f3 su compromiso con la educaci\u00f3n y con un mejor futuro para el municipio. Este d\u00eda, en la primaria General L\u00e1zaro C\u00e1rdenas, en la colonia Santa Mar\u00eda Ilucan, se inaugur\u00f3 una techumbre, la sexta en lo que va de su administraci\u00f3n.<\/p>\n\n\n\n<p class=\"wp-block-paragraph\">En la ceremonia, ante autoridades educativas, alumnos y padres de familia, el alcalde refrend\u00f3 su compromiso de apoyar a la educaci\u00f3n y seguir trabajando de la mano con la sociedad porque, resalt\u00f3, al final eso es lo que vale y da mejores resultados.<\/p>\n\n\n\n<p class=\"wp-block-paragraph\">En el caso de la educaci\u00f3n, subray\u00f3 Hern\u00e1ndez Badillo, lo importante es que gobierno y padres de familia trabajen de manera coordinada para sacar adelante a esta y las siguientes generaciones porque M\u00e9xico reclama ni\u00f1os y ciudadanos de bien.<\/p>\n\n\n\n<p class=\"wp-block-paragraph\">Dio la bienvenida a aquella cr\u00edtica que sirve para reflexionar y para siempre hacer mejor las cosas pero no de aquella que s\u00f3lo se afana en denigrar y destruir porque, dijo, esa no le sirve a nadie.<\/p>\n","protected":false},"excerpt":{"rendered":"<p>Manuel Hern\u00e1ndez Badillo, presidente de Tula de Allende, refrend\u00f3 su compromiso con la educaci\u00f3n y con un mejor futuro para el municipio. Este d\u00eda, en la primaria General L\u00e1zaro C\u00e1rdenas, en la colonia Santa Mar\u00eda Ilucan, se inaugur\u00f3 una techumbre, la sexta en lo que va de su administraci\u00f3n. En la ceremonia, ante autoridades educativas, [&hellip;]<\/p>\n","protected":false},"author":93,"featured_media":221047,"comment_status":"closed","ping_status":"closed","sticky":false,"template":"","format":"standard","meta":{"footnotes":""},"categories":[2159,40],"tags":[],"class_list":["post-221046","post","type-post","status-publish","format-standard","has-post-thumbnail","hentry","category-noticias-de-hidalgo","category-region"],"_links":{"self":[{"href":"https:\/\/plazajuarez.mx\/historico\/wp-json\/wp\/v2\/posts\/221046","targetHints":{"allow":["GET"]}}],"collection":[{"href":"https:\/\/plazajuarez.mx\/historico\/wp-json\/wp\/v2\/posts"}],"about":[{"href":"https:\/\/plazajuarez.mx\/historico\/wp-json\/wp\/v2\/types\/post"}],"author":[{"embeddable":true,"href":"https:\/\/plazajuarez.mx\/historico\/wp-json\/wp\/v2\/users\/93"}],"replies":[{"embeddable":true,"href":"https:\/\/plazajuarez.mx\/historico\/wp-json\/wp\/v2\/comments?post=221046"}],"version-history":[{"count":0,"href":"https:\/\/plazajuarez.mx\/historico\/wp-json\/wp\/v2\/posts\/221046\/revisions"}],"wp:featuredmedia":[{"embeddable":true,"href":"https:\/\/plazajuarez.mx\/historico\/wp-json\/wp\/v2\/media\/221047"}],"wp:attachment":[{"href":"https:\/\/plazajuarez.mx\/historico\/wp-json\/wp\/v2\/media?parent=221046"}],"wp:term":[{"taxonomy":"category","embeddable":true,"href":"https:\/\/plazajuarez.mx\/historico\/wp-json\/wp\/v2\/categories?post=221046"},{"taxonomy":"post_tag","embeddable":true,"href":"https:\/\/plazajuarez.mx\/historico\/wp-json\/wp\/v2\/tags?post=221046"}],"curies":[{"name":"wp","href":"https:\/\/api.w.org\/{rel}","templated":true}]}}