{"id":22104,"date":"2016-05-30T12:48:38","date_gmt":"2016-05-30T12:48:38","guid":{"rendered":"http:\/\/plazajuarez.mx\/index\/index.php\/2016\/05\/30\/dese-por-enterado-201\/"},"modified":"2020-04-14T19:08:59","modified_gmt":"2020-04-14T19:08:59","slug":"dese-por-enterado-201","status":"publish","type":"post","link":"https:\/\/plazajuarez.mx\/historico\/dese-por-enterado-201\/","title":{"rendered":"DESE POR ENTERADO"},"content":{"rendered":"<p style=\"text-align: justify;\"><strong>PAN EN PICADA<\/strong><\/p>\n<p style=\"text-align: justify;\">A punto de concluir las campa\u00f1as electorales, est\u00e1 claro que en Pachuca la gran pelea por la alcald\u00eda ya qued\u00f3 \u00fanicamente entre la abanderada pri\u00edsta, Mirna Hern\u00e1ndez, y el independiente, Julio Menchaca Salazar. No aparece por ning\u00fan lado la panista, Yolanda Teller\u00eda, quien pese a evocar la imagen de su hermano, Jos\u00e9 Antonio Teller\u00eda, lo \u00fanico que consigui\u00f3 es ser catalogada como poco \u00e9tica por intentar a toda costa explotar la memoria de su consangu\u00edneo. Antonio Mota, el candidato del Grupo Universidad vestido de Movimiento Ciudadano, no levant\u00f3 como esperaban sus porristas, de tal modo que llegamos a la final del modo se\u00f1alado.<\/p>\n<p>  <!--more-->  <\/p>\n<p style=\"text-align: justify;\">\u00a0<\/p>\n<p style=\"text-align: justify;\">\u00a0\u00a0\u00a0\u00a0\u00a0\u00a0\u00a0\u00a0\u00a0\u00a0\u00a0\u00a0\u00a0\u00a0\u00a0\u00a0\u00a0\u00a0\u00a0\u00a0\u00a0\u00a0\u00a0\u00a0\u00a0\u00a0\u00a0\u00a0\u00a0\u00a0\u00a0\u00a0\u00a0\u00a0\u00a0\u00a0\u00a0\u00a0\u00a0\u00a0\u00a0\u00a0\u00a0\u00a0\u00a0\u00a0\u00a0\u00a0\u00a0\u00a0\u00a0\u00a0\u00a0\u00a0\u00a0\u00a0\u00a0\u00a0 ***<\/p>\n<p style=\"text-align: justify;\"><strong>EN LA DE GOBERNADOR, YA NO HAY DUDAS,<\/strong><\/p>\n<p style=\"text-align: justify;\"><strong>OMAR FAYAD GANAR\u00c1 DE CALLE<\/strong><\/p>\n<p style=\"text-align: justify;\">En tanto, y luego de que amenazaron con declinar uno por el otro, finalmente ni Guadarrama, ni el cantante, se animaron a hacerlo, y por lo tanto las posibilidades de que por lo menos le hagan sombra al candidato pri\u00edsta, Omar Fayad Meneses, simplemente se pulverizaron. No habr\u00e1 cambios en los vaticinios, y el abanderado tricolor lograr\u00e1 una victoria sin mayores problemas, con todo y que aparecen por todos lados encuestas ap\u00f3crifas que ponen en los cuernos de la luna al panista.<\/p>\n<p style=\"text-align: justify;\">\u00a0\u00a0\u00a0\u00a0\u00a0\u00a0\u00a0\u00a0\u00a0\u00a0\u00a0\u00a0\u00a0\u00a0\u00a0\u00a0\u00a0\u00a0\u00a0\u00a0\u00a0\u00a0\u00a0\u00a0\u00a0\u00a0\u00a0\u00a0\u00a0\u00a0\u00a0\u00a0\u00a0\u00a0\u00a0\u00a0\u00a0\u00a0\u00a0\u00a0\u00a0\u00a0\u00a0\u00a0\u00a0\u00a0\u00a0\u00a0\u00a0\u00a0\u00a0\u00a0\u00a0\u00a0\u00a0\u00a0\u00a0\u00a0 ***<\/p>\n<p style=\"text-align: justify;\"><strong>HAY TRANQUILIDAD, Y ESO ES BUENO<\/strong><\/p>\n<p style=\"text-align: justify;\">Un aspecto digno de ser destacado es que no ha habido hechos violentos de consideraci\u00f3n, y los m\u00e1s que se han denunciado, tienen que ver con estrategias poco honradas de los que ya se consideran perdidos y recurren a inventos. Por ese lado hay que aplaudir la civilidad de la mayor parte de los actores participantes en esta elecci\u00f3n.<\/p>\n<p style=\"text-align: justify;\">\u00a0\u00a0\u00a0\u00a0\u00a0\u00a0\u00a0\u00a0\u00a0\u00a0\u00a0\u00a0\u00a0\u00a0\u00a0\u00a0\u00a0\u00a0\u00a0\u00a0\u00a0\u00a0\u00a0\u00a0\u00a0\u00a0\u00a0\u00a0\u00a0\u00a0\u00a0\u00a0\u00a0\u00a0\u00a0\u00a0\u00a0\u00a0\u00a0\u00a0\u00a0\u00a0\u00a0\u00a0\u00a0\u00a0\u00a0\u00a0\u00a0\u00a0\u00a0\u00a0\u00a0\u00a0\u00a0\u00a0\u00a0\u00a0 ***<\/p>\n<p style=\"text-align: justify;\">\u00a0<\/p>\n<p style=\"text-align: justify;\"><strong>MUCHO TENDR\u00c1N QUE DAR<\/strong><\/p>\n<p style=\"text-align: justify;\"><strong>PROFUNDAS EXPLICACIONES<\/strong><\/p>\n<p style=\"text-align: justify;\">Un hecho fundamental es que al t\u00e9rmino de la jornada electoral, son muchos los que deber\u00e1n explicar el abuso de su poder en instituciones educativas para sus objetivos personales. Sucede que as\u00ed no se hacen las cosas, que el cinismo lleg\u00f3 al extremo y ser\u00e1n llamados a cuentas. Porque una cosa es jugarle al vivo, y otra de plano ya ni guardar las apariencias para la movilizaci\u00f3n de estudiantes, maestros, y todo el que se dejara con tal de hacer realidad un proyecto netamente personal. Y hay muchos otros que jugaron el papel de Judas, a la espera de que nadie se diera cuenta, pero sucede que todos se dieron cuenta. Veremos.<\/p>\n<p style=\"text-align: justify;\">\u00a0\u00a0\u00a0\u00a0\u00a0\u00a0\u00a0\u00a0\u00a0\u00a0\u00a0\u00a0\u00a0\u00a0\u00a0\u00a0\u00a0\u00a0\u00a0\u00a0\u00a0\u00a0\u00a0\u00a0\u00a0\u00a0\u00a0\u00a0\u00a0\u00a0\u00a0\u00a0\u00a0\u00a0\u00a0\u00a0\u00a0\u00a0\u00a0\u00a0\u00a0\u00a0\u00a0\u00a0\u00a0\u00a0\u00a0\u00a0\u00a0\u00a0\u00a0\u00a0\u00a0\u00a0\u00a0\u00a0\u00a0\u00a0 ***<\/p>\n<p style=\"text-align: justify;\">\u00a0<\/p>\n<p style=\"text-align: justify;\">DUDAS Y COMENTARIOS:<\/p>\n<p style=\"text-align: justify;\"><a href=\"mailto:desexenterado@gmail.com\">desexenterado@gmail.com<\/a><\/p>\n<p style=\"text-align: justify;\">twitter: @desexenterado<\/p>\n","protected":false},"excerpt":{"rendered":"<p>PAN EN PICADA A punto de concluir las campa\u00f1as electorales, est\u00e1 claro que en Pachuca la gran pelea por la alcald\u00eda ya qued\u00f3 \u00fanicamente entre la abanderada pri\u00edsta, Mirna Hern\u00e1ndez, y el independiente, Julio Menchaca Salazar. No aparece por ning\u00fan lado la panista, Yolanda Teller\u00eda, quien pese a evocar la imagen de su hermano, Jos\u00e9 [&hellip;]<\/p>\n","protected":false},"author":93,"featured_media":0,"comment_status":"open","ping_status":"open","sticky":false,"template":"","format":"standard","meta":{"footnotes":""},"categories":[83,42],"tags":[],"class_list":["post-22104","post","type-post","status-publish","format-standard","hentry","category-dese-por-enterado","category-nuestrapalabra"],"_links":{"self":[{"href":"https:\/\/plazajuarez.mx\/historico\/wp-json\/wp\/v2\/posts\/22104","targetHints":{"allow":["GET"]}}],"collection":[{"href":"https:\/\/plazajuarez.mx\/historico\/wp-json\/wp\/v2\/posts"}],"about":[{"href":"https:\/\/plazajuarez.mx\/historico\/wp-json\/wp\/v2\/types\/post"}],"author":[{"embeddable":true,"href":"https:\/\/plazajuarez.mx\/historico\/wp-json\/wp\/v2\/users\/93"}],"replies":[{"embeddable":true,"href":"https:\/\/plazajuarez.mx\/historico\/wp-json\/wp\/v2\/comments?post=22104"}],"version-history":[{"count":0,"href":"https:\/\/plazajuarez.mx\/historico\/wp-json\/wp\/v2\/posts\/22104\/revisions"}],"wp:attachment":[{"href":"https:\/\/plazajuarez.mx\/historico\/wp-json\/wp\/v2\/media?parent=22104"}],"wp:term":[{"taxonomy":"category","embeddable":true,"href":"https:\/\/plazajuarez.mx\/historico\/wp-json\/wp\/v2\/categories?post=22104"},{"taxonomy":"post_tag","embeddable":true,"href":"https:\/\/plazajuarez.mx\/historico\/wp-json\/wp\/v2\/tags?post=22104"}],"curies":[{"name":"wp","href":"https:\/\/api.w.org\/{rel}","templated":true}]}}