{"id":2207,"date":"2015-03-14T06:00:00","date_gmt":"2015-03-14T06:00:00","guid":{"rendered":"http:\/\/plazajuarez.mx\/index\/index.php\/2015\/03\/14\/continua-el-trabajo-comprometido-con-las-mujeres\/"},"modified":"2015-03-14T06:00:00","modified_gmt":"2015-03-14T06:00:00","slug":"continua-el-trabajo-comprometido-con-las-mujeres","status":"publish","type":"post","link":"https:\/\/plazajuarez.mx\/historico\/continua-el-trabajo-comprometido-con-las-mujeres\/","title":{"rendered":"Contin\u00faa el trabajo comprometido con las mujeres"},"content":{"rendered":"<p><span style=\"font-family: verdana,geneva; font-size: 10pt;\"><strong>Mineral de la Reforma<\/strong><\/span><\/p>\n<p><strong><span style=\"font-family: verdana,geneva; font-size: 10pt;\">El Instituto Municipal de la Mujer de Mineral de la Reforma desde el inicio de la administraci\u00f3n de Filiberto Hern\u00e1ndez Monzalvo ha trabajado de manera comprometida a favor de este sector con acciones concretas que hoy se ven reflejadas; este a\u00f1o se participa en el programa federal de Fortalecimiento a la Transversalidad con Perspectiva de G\u00e9nero cuyo fondo es de 490 mil pesos del cual se espera obtener el beneficio.<\/span><\/strong><\/p>\n<p>  <!--more-->  <\/p>\n<p>\u00a0<\/p>\n<p><span style=\"font-family: verdana,geneva; font-size: 10pt;\">Hoy el Instituto, dependiente de la Secretaria de Desarrollo Social y Humano se fortalece para brindar m\u00e1s y mejor atenci\u00f3n a las mujeres mineralenses tales como: talleres de capacitaci\u00f3n para el desarrollo de actividades productivas, gesti\u00f3n de becas, gesti\u00f3n de cr\u00e9ditos para micro negocios, gesti\u00f3n para la instalaci\u00f3n del M\u00f3dulo de Beneficios para las mujeres, sensibilizaci\u00f3n en materia de Igualdad de G\u00e9nero.<\/span><\/p>\n<p><span style=\"font-family: verdana,geneva; font-size: 10pt;\">Durante 2014 se obtuvo un recurso de 300 mil pesos correspondiente al programa federal de Fortalecimiento a la Transversalidad con Perspectiva de G\u00e9nero, mismos que se aplicaron en acciones para erradicar la violencia de la vida de las ni\u00f1as y mujeres a trav\u00e9s de informar y concientizar sobre la equidad de g\u00e9nero y derechos de las mujeres.<\/span><\/p>\n<p><span style=\"font-family: verdana,geneva; font-size: 10pt;\">En Mineral de la Reforma, la sensibilizaci\u00f3n del personal del ayuntamiento, l\u00edderes comunitarios y poblaci\u00f3n en general, brinda la oportunidad de generar una din\u00e1mica diferente, con nuevas perspectivas, destacando el papel clave que tiene la mujer como agente de desarrollo econ\u00f3mico y social.<\/span><\/p>\n<p><span style=\"font-family: verdana,geneva; font-size: 10pt;\">La administraci\u00f3n municipal muestra el compromiso compartido para acortar brechas de g\u00e9nero, y reconocer la equidad en el derecho al bienestar y al reconocimiento, tanto de mujeres como de hombres.<\/span><\/p>\n","protected":false},"excerpt":{"rendered":"<p>Mineral de la Reforma El Instituto Municipal de la Mujer de Mineral de la Reforma desde el inicio de la administraci\u00f3n de Filiberto Hern\u00e1ndez Monzalvo ha trabajado de manera comprometida a favor de este sector con acciones concretas que hoy se ven reflejadas; este a\u00f1o se participa en el programa federal de Fortalecimiento a la [&hellip;]<\/p>\n","protected":false},"author":93,"featured_media":0,"comment_status":"open","ping_status":"open","sticky":false,"template":"","format":"standard","meta":{"footnotes":""},"categories":[40],"tags":[],"class_list":["post-2207","post","type-post","status-publish","format-standard","hentry","category-region"],"_links":{"self":[{"href":"https:\/\/plazajuarez.mx\/historico\/wp-json\/wp\/v2\/posts\/2207","targetHints":{"allow":["GET"]}}],"collection":[{"href":"https:\/\/plazajuarez.mx\/historico\/wp-json\/wp\/v2\/posts"}],"about":[{"href":"https:\/\/plazajuarez.mx\/historico\/wp-json\/wp\/v2\/types\/post"}],"author":[{"embeddable":true,"href":"https:\/\/plazajuarez.mx\/historico\/wp-json\/wp\/v2\/users\/93"}],"replies":[{"embeddable":true,"href":"https:\/\/plazajuarez.mx\/historico\/wp-json\/wp\/v2\/comments?post=2207"}],"version-history":[{"count":0,"href":"https:\/\/plazajuarez.mx\/historico\/wp-json\/wp\/v2\/posts\/2207\/revisions"}],"wp:attachment":[{"href":"https:\/\/plazajuarez.mx\/historico\/wp-json\/wp\/v2\/media?parent=2207"}],"wp:term":[{"taxonomy":"category","embeddable":true,"href":"https:\/\/plazajuarez.mx\/historico\/wp-json\/wp\/v2\/categories?post=2207"},{"taxonomy":"post_tag","embeddable":true,"href":"https:\/\/plazajuarez.mx\/historico\/wp-json\/wp\/v2\/tags?post=2207"}],"curies":[{"name":"wp","href":"https:\/\/api.w.org\/{rel}","templated":true}]}}