{"id":2206,"date":"2015-03-14T06:00:00","date_gmt":"2015-03-14T06:00:00","guid":{"rendered":"http:\/\/plazajuarez.mx\/index\/index.php\/2015\/03\/14\/todo-listo-para-la-septima-carrera-atletica-de-la-mujer\/"},"modified":"2015-03-14T06:00:00","modified_gmt":"2015-03-14T06:00:00","slug":"todo-listo-para-la-septima-carrera-atletica-de-la-mujer","status":"publish","type":"post","link":"https:\/\/plazajuarez.mx\/historico\/todo-listo-para-la-septima-carrera-atletica-de-la-mujer\/","title":{"rendered":"Todo listo para la S\u00e9ptima Carrera Atl\u00e9tica de la Mujer"},"content":{"rendered":"<p><span style=\"font-family: verdana,geneva; font-size: 10pt;\"><strong>Tulancingo <\/strong><\/span><\/p>\n<p><strong><span style=\"font-family: verdana,geneva; font-size: 10pt;\">Con un recorrido de 3 kil\u00f3metros e inscripciones gratuitas se llevar\u00e1 a cabo este domingo la S\u00e9ptima Edici\u00f3n de la Carrera atl\u00e9tica de la Mujer; la salida y meta de esta actividad ser\u00e1 frente al hemiciclo del bicentenario.<\/span><\/strong><\/p>\n<p>  <!--more-->  <\/p>\n<p>\u00a0<\/p>\n<p><span style=\"font-family: verdana,geneva; font-size: 10pt;\">En esta edici\u00f3n podr\u00e1n participar mujeres a partir de los 13 a\u00f1os y las inscripciones se realizar\u00e1n el mismo d\u00eda del evento, en una mesa especializada que se instalar\u00e1 desde las 7:30 horas a un costado del Hemiciclo, ubicado sobre el bulevar Bicentenario. El registro se cerrar\u00e1 8:30 horas.<\/span><\/p>\n<p><span style=\"font-family: verdana,geneva; font-size: 10pt;\">Esta carrera forma parte de las actividades con las que Presidencia Municipal, el Sistema DIF, Secretaria de Desarrollo Humano y Social, as\u00ed como Instancia de la Mujer, celebran el D\u00eda Internacional de la Mujer motivando al sector femenil a la pr\u00e1ctica regular del deporte.<\/span><\/p>\n<p><span style=\"font-family: verdana,geneva; font-size: 10pt;\">Tal y como ha sido establecido en la promoci\u00f3n de esta carrera, se entregar\u00e1 playera a las primeras 300 mujeres que se inscriban as\u00ed como igual n\u00famero de medallas a quienes culminen la justa atl\u00e9tica y crucen la meta.<\/span><\/p>\n<p><span style=\"font-family: verdana,geneva; font-size: 10pt;\">La carrera es \u00fanicamente para mujeres y habr\u00e1 cinco categor\u00edas: Infantil Mayor (de 13 y 14 a\u00f1os); Juvenil (de 15 a 19 a\u00f1os); Libre (de 20 a 39 a\u00f1os); Master (de 40 a 49 a\u00f1os) y veteranas (de 50 a 59 a\u00f1os).<\/span><\/p>\n<p><span style=\"font-family: verdana,geneva; font-size: 10pt;\">Como parte de la log\u00edstica; se ha puesto especial atenci\u00f3n a los aspectos de hidrataci\u00f3n y seguridad, por lo cual este 15 de Marzo se contar\u00e1 con el apoyo de corporaciones y organismos de auxilio quienes abanderaran el contingente.<\/span><\/p>\n<p><span style=\"font-family: verdana,geneva; font-size: 10pt;\">Cada a\u00f1o, esta justa atl\u00e9tica registra mayor aceptaci\u00f3n en la comunidad femenina por lo cual se invit\u00f3 a todas las mujeres de Tulancingo y la regi\u00f3n para que se integren y se activen f\u00edsicamente, ya que adem\u00e1s no habr\u00e1 categor\u00eda elite; esto, al ser un evento recreativo m\u00e1s que competitivo.<\/span><\/p>\n<p><span style=\"font-family: verdana,geneva; font-size: 10pt;\">No ser\u00e1 necesario que las participantes tengan perfil de alto rendimiento, ya que incluso la ruta podr\u00e1 hacerse trotando o caminando.<\/span><\/p>\n<p><span style=\"font-family: verdana,geneva; font-size: 10pt;\">Se reiter\u00f3 que no habr\u00e1 costo en inscripciones y el \u00fanico requisito es un arribo puntual, ya que la carrera atl\u00e9tica tendr\u00e1 salida puntual alrededor de las 9:00 horas; el recorrido es de 3 kil\u00f3metros por la siguiente ruta (Hemiciclo, Hidalgo, Calzada 5 de Mayo, Morelos, Ju\u00e1rez, Bravo, L\u00e1zaro C\u00e1rdenas, Bicentenario y culmina nuevamente en el Hemiciclo)<\/span><\/p>\n","protected":false},"excerpt":{"rendered":"<p>Tulancingo Con un recorrido de 3 kil\u00f3metros e inscripciones gratuitas se llevar\u00e1 a cabo este domingo la S\u00e9ptima Edici\u00f3n de la Carrera atl\u00e9tica de la Mujer; la salida y meta de esta actividad ser\u00e1 frente al hemiciclo del bicentenario.<\/p>\n","protected":false},"author":93,"featured_media":0,"comment_status":"open","ping_status":"open","sticky":false,"template":"","format":"standard","meta":{"footnotes":""},"categories":[40],"tags":[],"class_list":["post-2206","post","type-post","status-publish","format-standard","hentry","category-region"],"_links":{"self":[{"href":"https:\/\/plazajuarez.mx\/historico\/wp-json\/wp\/v2\/posts\/2206","targetHints":{"allow":["GET"]}}],"collection":[{"href":"https:\/\/plazajuarez.mx\/historico\/wp-json\/wp\/v2\/posts"}],"about":[{"href":"https:\/\/plazajuarez.mx\/historico\/wp-json\/wp\/v2\/types\/post"}],"author":[{"embeddable":true,"href":"https:\/\/plazajuarez.mx\/historico\/wp-json\/wp\/v2\/users\/93"}],"replies":[{"embeddable":true,"href":"https:\/\/plazajuarez.mx\/historico\/wp-json\/wp\/v2\/comments?post=2206"}],"version-history":[{"count":0,"href":"https:\/\/plazajuarez.mx\/historico\/wp-json\/wp\/v2\/posts\/2206\/revisions"}],"wp:attachment":[{"href":"https:\/\/plazajuarez.mx\/historico\/wp-json\/wp\/v2\/media?parent=2206"}],"wp:term":[{"taxonomy":"category","embeddable":true,"href":"https:\/\/plazajuarez.mx\/historico\/wp-json\/wp\/v2\/categories?post=2206"},{"taxonomy":"post_tag","embeddable":true,"href":"https:\/\/plazajuarez.mx\/historico\/wp-json\/wp\/v2\/tags?post=2206"}],"curies":[{"name":"wp","href":"https:\/\/api.w.org\/{rel}","templated":true}]}}