{"id":220427,"date":"2022-06-27T08:21:14","date_gmt":"2022-06-27T13:21:14","guid":{"rendered":"https:\/\/plazajuarez.mx\/?p=220427"},"modified":"2022-06-27T08:21:18","modified_gmt":"2022-06-27T13:21:18","slug":"garantiza-susana-angeles-respeto-a-la-diversidad","status":"publish","type":"post","link":"https:\/\/plazajuarez.mx\/historico\/garantiza-susana-angeles-respeto-a-la-diversidad\/","title":{"rendered":"Garantiza Susana \u00c1ngeles, respeto a la diversidad\u00a0"},"content":{"rendered":"\n<p class=\"wp-block-paragraph\"><strong>TIZAYUCA<\/strong>.- Susana \u00c1ngeles Quezada, presidenta municipal estuvo en el evento que les realizaron a la comunidad LGBTIQ+ donde manifest\u00f3 que Tizayuca es inclusivo y respeta los derechos humanos de cada uno de los que integra rechaza tanto al machismo como la homofobia, el evento se llev\u00f3 a cabo en la Plaza Himno Nacional.\u00a0<\/p>\n\n\n\n<p class=\"wp-block-paragraph\">El evento dedicado al orgullo de la comunidad lesbiana, gay, bisexual, transg\u00e9nero, transexual, travesti, intersexual y queer (LGBTIQ+), la alcaldesa destac\u00f3 el hecho de que, por primera vez, un gobierno municipal reconoce, con estas acciones la diversidad cultural, de or\u00edgenes, preferencias sexuales, religiones y filias pol\u00edticas, adem\u00e1s de ser respetadas son valoradas como sustento del tejido social que caracteriza al Tizayuca del siglo 21.<\/p>\n","protected":false},"excerpt":{"rendered":"<p>TIZAYUCA.- Susana \u00c1ngeles Quezada, presidenta municipal estuvo en el evento que les realizaron a la comunidad LGBTIQ+ donde manifest\u00f3 que Tizayuca es inclusivo y respeta los derechos humanos de cada uno de los que integra rechaza tanto al machismo como la homofobia, el evento se llev\u00f3 a cabo en la Plaza Himno Nacional.\u00a0 El evento [&hellip;]<\/p>\n","protected":false},"author":78,"featured_media":220429,"comment_status":"closed","ping_status":"closed","sticky":false,"template":"","format":"standard","meta":{"footnotes":""},"categories":[2159,40],"tags":[],"class_list":["post-220427","post","type-post","status-publish","format-standard","has-post-thumbnail","hentry","category-noticias-de-hidalgo","category-region"],"_links":{"self":[{"href":"https:\/\/plazajuarez.mx\/historico\/wp-json\/wp\/v2\/posts\/220427","targetHints":{"allow":["GET"]}}],"collection":[{"href":"https:\/\/plazajuarez.mx\/historico\/wp-json\/wp\/v2\/posts"}],"about":[{"href":"https:\/\/plazajuarez.mx\/historico\/wp-json\/wp\/v2\/types\/post"}],"author":[{"embeddable":true,"href":"https:\/\/plazajuarez.mx\/historico\/wp-json\/wp\/v2\/users\/78"}],"replies":[{"embeddable":true,"href":"https:\/\/plazajuarez.mx\/historico\/wp-json\/wp\/v2\/comments?post=220427"}],"version-history":[{"count":0,"href":"https:\/\/plazajuarez.mx\/historico\/wp-json\/wp\/v2\/posts\/220427\/revisions"}],"wp:featuredmedia":[{"embeddable":true,"href":"https:\/\/plazajuarez.mx\/historico\/wp-json\/wp\/v2\/media\/220429"}],"wp:attachment":[{"href":"https:\/\/plazajuarez.mx\/historico\/wp-json\/wp\/v2\/media?parent=220427"}],"wp:term":[{"taxonomy":"category","embeddable":true,"href":"https:\/\/plazajuarez.mx\/historico\/wp-json\/wp\/v2\/categories?post=220427"},{"taxonomy":"post_tag","embeddable":true,"href":"https:\/\/plazajuarez.mx\/historico\/wp-json\/wp\/v2\/tags?post=220427"}],"curies":[{"name":"wp","href":"https:\/\/api.w.org\/{rel}","templated":true}]}}