{"id":220419,"date":"2022-06-27T08:16:17","date_gmt":"2022-06-27T13:16:17","guid":{"rendered":"https:\/\/plazajuarez.mx\/?p=220419"},"modified":"2022-06-27T08:16:24","modified_gmt":"2022-06-27T13:16:24","slug":"gasta-ayuntamiento-1-millon-63-mil-pesos-en-remodelacion-de-plaza-civica","status":"publish","type":"post","link":"https:\/\/plazajuarez.mx\/historico\/gasta-ayuntamiento-1-millon-63-mil-pesos-en-remodelacion-de-plaza-civica\/","title":{"rendered":"Gasta ayuntamiento 1 mill\u00f3n 63 mil pesos en remodelaci\u00f3n de Plaza C\u00edvica"},"content":{"rendered":"\n<p class=\"wp-block-paragraph\"><strong>SANTIAGO TULANTEPEC<\/strong>.- De acuerdo con la Tesorer\u00eda del municipio de Santiago Tulantepec, la presidencia municipal erog\u00f3 1 mill\u00f3n 63 mil 426.44 pesos procedentes del Fondo de Aportaciones para la Infraestructura Social Municipal (FAISM) as\u00ed como del Fondo de Fomento Municipal (FFM) en la obra de remodelaci\u00f3n de la Plaza C\u00edvica que denunciaron vecinos del municipio tras el retiro de \u00e1rboles y bienes muebles.\u00a0<\/p>\n\n\n\n<p class=\"wp-block-paragraph\">Al respecto, el ayuntamiento inform\u00f3 que los \u00e1rboles ser\u00e1n trasplantados en la colonia Felipe \u00c1ngeles, ya que de acuerdo con algunos vecinos, hab\u00edan visto que el transporte que llevaba la vegetaci\u00f3n hab\u00eda salido con rumbo a Tulancingo; as\u00ed mismo el tesorero municipal inform\u00f3 que las bancas y muebles retirados ser\u00e1n reutilizados en la misma obra.&nbsp;<\/p>\n\n\n\n<p class=\"wp-block-paragraph\">La dependencia municipal que estuvo a cargo de dicha remodelaci\u00f3n fue la direcci\u00f3n de Obras P\u00fablicas Municipales,&nbsp; y la contratista fue Teresa de Jes\u00fas Miranda Ostria quien aparece en&nbsp; el Padr\u00f3n de Proveedores y Contratistas de la Administraci\u00f3n P\u00fablica del Estado de Hidalgo como especialista en pavimentaci\u00f3n, obra de mantenimiento de alcantarillado y mantenimiento y obras complementarias de edificaci\u00f3n.<\/p>\n\n\n\n<p class=\"wp-block-paragraph\">Por su parte la poblaci\u00f3n ha criticado el uso de recursos en obras que consideran no son prioritarias para el municipio, lo que ha dividido la opini\u00f3n de los santiaguenses entre los que defienden la obra y quienes hubieran preferido obra p\u00fablica en las colonias.<\/p>\n","protected":false},"excerpt":{"rendered":"<p>SANTIAGO TULANTEPEC.- De acuerdo con la Tesorer\u00eda del municipio de Santiago Tulantepec, la presidencia municipal erog\u00f3 1 mill\u00f3n 63 mil 426.44 pesos procedentes del Fondo de Aportaciones para la Infraestructura Social Municipal (FAISM) as\u00ed como del Fondo de Fomento Municipal (FFM) en la obra de remodelaci\u00f3n de la Plaza C\u00edvica que denunciaron vecinos del municipio [&hellip;]<\/p>\n","protected":false},"author":93,"featured_media":220420,"comment_status":"closed","ping_status":"closed","sticky":false,"template":"","format":"standard","meta":{"footnotes":""},"categories":[2159,40],"tags":[],"class_list":["post-220419","post","type-post","status-publish","format-standard","has-post-thumbnail","hentry","category-noticias-de-hidalgo","category-region"],"_links":{"self":[{"href":"https:\/\/plazajuarez.mx\/historico\/wp-json\/wp\/v2\/posts\/220419","targetHints":{"allow":["GET"]}}],"collection":[{"href":"https:\/\/plazajuarez.mx\/historico\/wp-json\/wp\/v2\/posts"}],"about":[{"href":"https:\/\/plazajuarez.mx\/historico\/wp-json\/wp\/v2\/types\/post"}],"author":[{"embeddable":true,"href":"https:\/\/plazajuarez.mx\/historico\/wp-json\/wp\/v2\/users\/93"}],"replies":[{"embeddable":true,"href":"https:\/\/plazajuarez.mx\/historico\/wp-json\/wp\/v2\/comments?post=220419"}],"version-history":[{"count":0,"href":"https:\/\/plazajuarez.mx\/historico\/wp-json\/wp\/v2\/posts\/220419\/revisions"}],"wp:featuredmedia":[{"embeddable":true,"href":"https:\/\/plazajuarez.mx\/historico\/wp-json\/wp\/v2\/media\/220420"}],"wp:attachment":[{"href":"https:\/\/plazajuarez.mx\/historico\/wp-json\/wp\/v2\/media?parent=220419"}],"wp:term":[{"taxonomy":"category","embeddable":true,"href":"https:\/\/plazajuarez.mx\/historico\/wp-json\/wp\/v2\/categories?post=220419"},{"taxonomy":"post_tag","embeddable":true,"href":"https:\/\/plazajuarez.mx\/historico\/wp-json\/wp\/v2\/tags?post=220419"}],"curies":[{"name":"wp","href":"https:\/\/api.w.org\/{rel}","templated":true}]}}