{"id":2201,"date":"2015-03-14T06:00:00","date_gmt":"2015-03-14T06:00:00","guid":{"rendered":"http:\/\/plazajuarez.mx\/index\/index.php\/2015\/03\/14\/a-finales-de-mayo-inauguran-centro-de-educacion-ambiental-en-tula\/"},"modified":"2015-03-14T06:00:00","modified_gmt":"2015-03-14T06:00:00","slug":"a-finales-de-mayo-inauguran-centro-de-educacion-ambiental-en-tula","status":"publish","type":"post","link":"https:\/\/plazajuarez.mx\/historico\/a-finales-de-mayo-inauguran-centro-de-educacion-ambiental-en-tula\/","title":{"rendered":"A finales de mayo inauguran Centro de Educaci\u00f3n Ambiental en Tula"},"content":{"rendered":"<p><strong><span style=\"font-family: verdana,geneva; font-size: 10pt;\">Antes de que culmine el mes de marzo, la Secretar\u00eda de Medio Ambiente y Recuerdos Naturales (Semarnath) Hidalgo inaugurar\u00e1 el segundo Centro de Educaci\u00f3n Ambiental de la entidad, ubicado en la zona Tula-Tepeji.<\/span><\/strong><\/p>\n<p>  <!--more-->  <\/p>\n<p>\u00a0<\/p>\n<p><span style=\"font-family: verdana,geneva; font-size: 10pt;\">\u00a0<\/span><\/p>\n<p><span style=\"font-family: verdana,geneva; font-size: 10pt;\">Honorato Rodr\u00edguez Murillo, titular de la Semarnath apunt\u00f3 que es cuesti\u00f3n de concluir detalles para dar paso a la apertura del inmueble, as\u00ed como consultar la agenda del ejecutivo estatal para que asista al evento protocolario.<\/span><\/p>\n<p><span style=\"font-family: verdana,geneva; font-size: 10pt;\">\u00a0<\/span><\/p>\n<p><span style=\"font-family: verdana,geneva; font-size: 10pt;\">En lo que refiere al tercer Centro de Educaci\u00f3n Ambiental con sede en Huejutla, Rodr\u00edguez Murillo dijo ser\u00e1 hasta que culmine el proceso electoral\u00a0 cuando entre en funcionamiento, puesto que se al inicio de las campa\u00f1as frenan la entrega de recursos por veda electoral.<\/span><\/p>\n<p><span style=\"font-family: verdana,geneva; font-size: 10pt;\">\u00a0<\/span><\/p>\n<p><span style=\"font-family: verdana,geneva; font-size: 10pt;\">&#8220;El de Huejutla lo estamos equipando, yo espero que culminemos antes de la veda electoral, donde suspendemos algunas actividades y as\u00ed estar inaugurando cuando culminen las elecciones&#8221;.<\/span><\/p>\n<p><span style=\"font-family: verdana,geneva; font-size: 10pt;\">\u00a0<\/span><\/p>\n<p><span style=\"font-family: verdana,geneva; font-size: 10pt;\">El objetivo de dichos centros es capacitar a los ciudadanos sobre la importancia del cuidado ambiental, a trav\u00e9s de talleres de ecot\u00e9cnia y maneras de ahorro y tratamiento de agua, producci\u00f3n de lombricompostas, utilizaci\u00f3n de energ\u00edas alternativas, ba\u00f1os secos, reciclaje, entre otros.<\/span><\/p>\n<p><span style=\"font-family: verdana,geneva; font-size: 10pt;\">\u00a0<\/span><\/p>\n<p><span style=\"font-family: verdana,geneva; font-size: 10pt;\">Cabe mencionar que el primer Centro de Educaci\u00f3n Ambiental fue inaugurado el pasado mes de junio en el Parque Ecol\u00f3gico Cubitos, en la ciudad de Pachuca, por autoridades federales y estatales; el cual cuenta con una sala de exhibiciones interactivas, una enciclopedia digital, una tirolesa de dos mil 300 metros, entre m\u00e1s actividades did\u00e1cticas y equipo tecnol\u00f3gico de primera calidad.<\/span><\/p>\n","protected":false},"excerpt":{"rendered":"<p>Antes de que culmine el mes de marzo, la Secretar\u00eda de Medio Ambiente y Recuerdos Naturales (Semarnath) Hidalgo inaugurar\u00e1 el segundo Centro de Educaci\u00f3n Ambiental de la entidad, ubicado en la zona Tula-Tepeji.<\/p>\n","protected":false},"author":93,"featured_media":0,"comment_status":"open","ping_status":"open","sticky":false,"template":"","format":"standard","meta":{"footnotes":""},"categories":[59],"tags":[],"class_list":["post-2201","post","type-post","status-publish","format-standard","hentry","category-general"],"_links":{"self":[{"href":"https:\/\/plazajuarez.mx\/historico\/wp-json\/wp\/v2\/posts\/2201","targetHints":{"allow":["GET"]}}],"collection":[{"href":"https:\/\/plazajuarez.mx\/historico\/wp-json\/wp\/v2\/posts"}],"about":[{"href":"https:\/\/plazajuarez.mx\/historico\/wp-json\/wp\/v2\/types\/post"}],"author":[{"embeddable":true,"href":"https:\/\/plazajuarez.mx\/historico\/wp-json\/wp\/v2\/users\/93"}],"replies":[{"embeddable":true,"href":"https:\/\/plazajuarez.mx\/historico\/wp-json\/wp\/v2\/comments?post=2201"}],"version-history":[{"count":0,"href":"https:\/\/plazajuarez.mx\/historico\/wp-json\/wp\/v2\/posts\/2201\/revisions"}],"wp:attachment":[{"href":"https:\/\/plazajuarez.mx\/historico\/wp-json\/wp\/v2\/media?parent=2201"}],"wp:term":[{"taxonomy":"category","embeddable":true,"href":"https:\/\/plazajuarez.mx\/historico\/wp-json\/wp\/v2\/categories?post=2201"},{"taxonomy":"post_tag","embeddable":true,"href":"https:\/\/plazajuarez.mx\/historico\/wp-json\/wp\/v2\/tags?post=2201"}],"curies":[{"name":"wp","href":"https:\/\/api.w.org\/{rel}","templated":true}]}}