{"id":219976,"date":"2022-06-23T10:20:00","date_gmt":"2022-06-23T15:20:00","guid":{"rendered":"https:\/\/plazajuarez.mx\/?p=219976"},"modified":"2022-06-23T12:38:00","modified_gmt":"2022-06-23T17:38:00","slug":"anahi-vuelve-a-dar-positivo-a-covid-tras-presentarse-en-show-en-vivo","status":"publish","type":"post","link":"https:\/\/plazajuarez.mx\/historico\/anahi-vuelve-a-dar-positivo-a-covid-tras-presentarse-en-show-en-vivo\/","title":{"rendered":"Anah\u00ed vuelve a dar positivo a Covid tras presentarse en show en vivo"},"content":{"rendered":"\n<p class=\"wp-block-paragraph\">El pasado 11 de junio Anah\u00ed y Karol G protagonizaron el momento m\u00e1s \u00e9pico de la m\u00fasica en este 2022, esto cuando la exRBD apareci\u00f3 sorpresivamente en el concierto que la colombiana ofreci\u00f3 en la Ciudad de M\u00e9xico para interpretar juntas el tema &#8220;S\u00e1lvame&#8221;.<\/p>\n\n\n\n<p class=\"wp-block-paragraph\">La escena qued\u00f3 grabada en la memoria de las miles de personas que estuvieron presentes esa noche; sin embargo, pocos sab\u00edan, hasta ahora, que dicho encuentro podr\u00eda haber significado un duro golpe para la salud de la cantante mexicana, ya que hace tan solo unas horas confes\u00f3 que se contagi\u00f3 de Covid por segunda ocasi\u00f3n.<\/p>\n\n\n\n<p class=\"wp-block-paragraph\">A trav\u00e9s de sus historias de Instagram, la tambi\u00e9n actriz revel\u00f3 que hace ocho d\u00edas dio positivo al virus y a diferencia de la primera vez, los s\u00edntomas le pegaron con mayor intensidad.<\/p>\n\n\n\n<p class=\"wp-block-paragraph\">&#8220;Hoy despu\u00e9s de ocho d\u00edas le cuento que me volvi\u00f3 a dar Covid. Ahora s\u00ed sent\u00ed que me atropell\u00f3 un tr\u00e1iler. Lo peor fue estar aislada sin poder abrazar a mis beb\u00e9s y a Manuel Velasco&#8221;, escribi\u00f3 junto a una foto en la que solo se puede ver parte de su rostro.<\/p>\n\n\n\n<p class=\"wp-block-paragraph\">Anah\u00ed tambi\u00e9n explic\u00f3 que no quiso alarmar a nadie con su enfermedad, por ello se esper\u00f3 hasta que su prueba diera negativo para hablar al respecto, algo que por fortuna ocurri\u00f3 la ma\u00f1ana de este mi\u00e9rcoles.<\/p>\n","protected":false},"excerpt":{"rendered":"<p>El pasado 11 de junio Anah\u00ed y Karol G protagonizaron el momento m\u00e1s \u00e9pico de la m\u00fasica en este 2022, esto cuando la exRBD apareci\u00f3 sorpresivamente en el concierto que la colombiana ofreci\u00f3 en la Ciudad de M\u00e9xico para interpretar juntas el tema &#8220;S\u00e1lvame&#8221;. La escena qued\u00f3 grabada en la memoria de las miles de [&hellip;]<\/p>\n","protected":false},"author":81,"featured_media":219977,"comment_status":"closed","ping_status":"closed","sticky":false,"template":"","format":"standard","meta":{"footnotes":""},"categories":[38,2166],"tags":[],"class_list":["post-219976","post","type-post","status-publish","format-standard","has-post-thumbnail","hentry","category-show","category-viral"],"_links":{"self":[{"href":"https:\/\/plazajuarez.mx\/historico\/wp-json\/wp\/v2\/posts\/219976","targetHints":{"allow":["GET"]}}],"collection":[{"href":"https:\/\/plazajuarez.mx\/historico\/wp-json\/wp\/v2\/posts"}],"about":[{"href":"https:\/\/plazajuarez.mx\/historico\/wp-json\/wp\/v2\/types\/post"}],"author":[{"embeddable":true,"href":"https:\/\/plazajuarez.mx\/historico\/wp-json\/wp\/v2\/users\/81"}],"replies":[{"embeddable":true,"href":"https:\/\/plazajuarez.mx\/historico\/wp-json\/wp\/v2\/comments?post=219976"}],"version-history":[{"count":0,"href":"https:\/\/plazajuarez.mx\/historico\/wp-json\/wp\/v2\/posts\/219976\/revisions"}],"wp:featuredmedia":[{"embeddable":true,"href":"https:\/\/plazajuarez.mx\/historico\/wp-json\/wp\/v2\/media\/219977"}],"wp:attachment":[{"href":"https:\/\/plazajuarez.mx\/historico\/wp-json\/wp\/v2\/media?parent=219976"}],"wp:term":[{"taxonomy":"category","embeddable":true,"href":"https:\/\/plazajuarez.mx\/historico\/wp-json\/wp\/v2\/categories?post=219976"},{"taxonomy":"post_tag","embeddable":true,"href":"https:\/\/plazajuarez.mx\/historico\/wp-json\/wp\/v2\/tags?post=219976"}],"curies":[{"name":"wp","href":"https:\/\/api.w.org\/{rel}","templated":true}]}}