{"id":219975,"date":"2022-06-23T10:20:00","date_gmt":"2022-06-23T15:20:00","guid":{"rendered":"https:\/\/plazajuarez.mx\/?p=219975"},"modified":"2022-06-23T12:37:44","modified_gmt":"2022-06-23T17:37:44","slug":"residente-gana-con-su-video-this-is-not-america-un-premio-en-cannes-lions","status":"publish","type":"post","link":"https:\/\/plazajuarez.mx\/historico\/residente-gana-con-su-video-this-is-not-america-un-premio-en-cannes-lions\/","title":{"rendered":"&#8220;Residente&#8221; gana con su video &#8220;This is Not America&#8221; un premio en Cannes Lions"},"content":{"rendered":"\n<p class=\"wp-block-paragraph\">El rapero y compositor puertorrique\u00f1o Ren\u00e9 P\u00e9rez Joglar &#8220;Residente&#8221; gan\u00f3 un premio en el Festival Internacional de Creatividad Cannes Lions por su video musical sobre la colonizaci\u00f3n y la divisi\u00f3n social &#8220;This is Not America&#8221;, inform\u00f3 este mi\u00e9rcoles Sony Music.<\/p>\n\n\n\n<p class=\"wp-block-paragraph\">Dirigido por el franc\u00e9s Gregory Ohrel y, creativamente, por &#8220;Residente&#8221;, el video musical mezcla el simbolismo de distintas culturas, retratando a ni\u00f1os ind\u00edgenas sentados sobre objetos desechables del capitalismo global.<\/p>\n\n\n\n<p class=\"wp-block-paragraph\">Con este premio, el &#8220;Grand Prix for Entertainment Lions for Music&#8221;, &#8220;Residente&#8221; se convierte en uno de los primeros artistas latino y urbano en ganar este reconocimiento en el mencionado festival, seg\u00fan el comunicado de Sony Music.<\/p>\n\n\n\n<p class=\"wp-block-paragraph\">El v\u00eddeo musical coloca asimismo monumentos precolombinos en medio de panoramas del primer mundo y destaca las similitudes entre los pasos de un baile y una agresi\u00f3n policial, con el fin de hacer reflexionar a la audiencia.<\/p>\n\n\n\n<p class=\"wp-block-paragraph\">Acompa\u00f1an a Residente las gemelas francocubanas Ibeyi: Naomi D\u00edaz, quien aporta las percusiones al tema, y Lisa-Kaind\u00e9, quien canta en el coro.<\/p>\n\n\n\n<p class=\"wp-block-paragraph\">&#8220;This Is Not America&#8221;, que fue lanzado el pasado marzo, est\u00e1 relacionado con un proyecto de hace tres a\u00f1os de Residente con profesores de la Universidad de Yale y la Universidad de Nueva York.<\/p>\n\n\n\n<p class=\"wp-block-paragraph\">Los expertos estudiaron las ondas cerebrales del cantante junto con los patrones cerebrales de gusanos, ratones, monos y moscas, entre otros, con el fin de crear frecuencias musicales que se convertir\u00edan en ritmos.<\/p>\n\n\n\n<p class=\"wp-block-paragraph\">Para esta canci\u00f3n, Residente us\u00f3 sus propias ondas cerebrales y las de gusanos para desarrollar ondas enf\u00e1ticas de electr\u00f3nica mezcladas con su rap, la voz de Ibeyi y la percusi\u00f3n.<\/p>\n\n\n\n<p class=\"wp-block-paragraph\">La obra, que est\u00e1 producida por Doomsday Entertainment y Sony Music Latin, en colaboraci\u00f3n con la productora de Residente, 1868 Studios, gan\u00f3 tambi\u00e9n a &#8220;Mejor Director, Mejor V\u00eddeo Musical y Mejores Efectos de V\u00eddeo&#8221; en el MVA de Berl\u00edn.<\/p>\n","protected":false},"excerpt":{"rendered":"<p>El rapero y compositor puertorrique\u00f1o Ren\u00e9 P\u00e9rez Joglar &#8220;Residente&#8221; gan\u00f3 un premio en el Festival Internacional de Creatividad Cannes Lions por su video musical sobre la colonizaci\u00f3n y la divisi\u00f3n social &#8220;This is Not America&#8221;, inform\u00f3 este mi\u00e9rcoles Sony Music. Dirigido por el franc\u00e9s Gregory Ohrel y, creativamente, por &#8220;Residente&#8221;, el video musical mezcla el [&hellip;]<\/p>\n","protected":false},"author":80,"featured_media":219978,"comment_status":"closed","ping_status":"closed","sticky":false,"template":"","format":"standard","meta":{"footnotes":""},"categories":[38],"tags":[],"class_list":["post-219975","post","type-post","status-publish","format-standard","has-post-thumbnail","hentry","category-show"],"_links":{"self":[{"href":"https:\/\/plazajuarez.mx\/historico\/wp-json\/wp\/v2\/posts\/219975","targetHints":{"allow":["GET"]}}],"collection":[{"href":"https:\/\/plazajuarez.mx\/historico\/wp-json\/wp\/v2\/posts"}],"about":[{"href":"https:\/\/plazajuarez.mx\/historico\/wp-json\/wp\/v2\/types\/post"}],"author":[{"embeddable":true,"href":"https:\/\/plazajuarez.mx\/historico\/wp-json\/wp\/v2\/users\/80"}],"replies":[{"embeddable":true,"href":"https:\/\/plazajuarez.mx\/historico\/wp-json\/wp\/v2\/comments?post=219975"}],"version-history":[{"count":0,"href":"https:\/\/plazajuarez.mx\/historico\/wp-json\/wp\/v2\/posts\/219975\/revisions"}],"wp:featuredmedia":[{"embeddable":true,"href":"https:\/\/plazajuarez.mx\/historico\/wp-json\/wp\/v2\/media\/219978"}],"wp:attachment":[{"href":"https:\/\/plazajuarez.mx\/historico\/wp-json\/wp\/v2\/media?parent=219975"}],"wp:term":[{"taxonomy":"category","embeddable":true,"href":"https:\/\/plazajuarez.mx\/historico\/wp-json\/wp\/v2\/categories?post=219975"},{"taxonomy":"post_tag","embeddable":true,"href":"https:\/\/plazajuarez.mx\/historico\/wp-json\/wp\/v2\/tags?post=219975"}],"curies":[{"name":"wp","href":"https:\/\/api.w.org\/{rel}","templated":true}]}}