{"id":219953,"date":"2022-06-23T10:22:00","date_gmt":"2022-06-23T15:22:00","guid":{"rendered":"https:\/\/plazajuarez.mx\/?p=219953"},"modified":"2022-06-23T11:25:03","modified_gmt":"2022-06-23T16:25:03","slug":"madres-guatemaltecas","status":"publish","type":"post","link":"https:\/\/plazajuarez.mx\/historico\/madres-guatemaltecas\/","title":{"rendered":"Madres guatemaltecas"},"content":{"rendered":"\n<h2 class=\"wp-block-heading\">CINE DE HOY<\/h2>\n\n\n\n<p class=\"wp-block-paragraph\">Luego de su paso por varios festivales se ha estrenado al fin en una de las salas de la Cineteca Nacional, la espl\u00e9ndida cinta guatemalteca de C\u00e9sar D\u00edaz, Nuestras madres.<\/p>\n\n\n\n<p class=\"wp-block-paragraph\">El gui\u00f3n del propio realizador nacido el 20 de septiembre de 1978 est\u00e1 ubicado en Guatemala en 2018 y es la primera ficci\u00f3n del realizador.<\/p>\n\n\n\n<p class=\"wp-block-paragraph\">Ernesto (Armando Espitia, excelente) es un joven antrop\u00f3logo de la Fundaci\u00f3n Forense, que trata de identificar a las v\u00edctimas de la guerra sucia.<\/p>\n\n\n\n<p class=\"wp-block-paragraph\">Su labor est\u00e1 encaminada a tratar de encontrar los restos de su propio padre, un ex guerrillero al que desaparecieron las autoridades militares.<\/p>\n\n\n\n<p class=\"wp-block-paragraph\">La historia transcurre durante el juicio a los militares responsables de numerosas matanzas en el que participa Cristina. su propia madre (Emma Dib).<\/p>\n\n\n\n<p class=\"wp-block-paragraph\">Ernesto recibe la visita de Nicolasa una ind\u00edgena (Aurelia Caal) que le pide rescatar el cad\u00e1ver de su esposo enterrado en una fosa com\u00fan junto con otras personas, entre las que puede estar su padre.<\/p>\n\n\n\n<p class=\"wp-block-paragraph\">Pese a la oposici\u00f3n materna, la falta de apoyo de sus jefes y otros obst\u00e1culos, Ernesto emprende la dif\u00edcil tarea, que le har\u00e1 descubrir una cruda verdad.<\/p>\n\n\n\n<p class=\"wp-block-paragraph\">El director de los documentales Semillas de cenizas y Territorio liberado trata el tema con gran sensibilidad, utilizando h\u00e1bilmente a sus actores, entre los que destaca el mexicano Espita, al que acabamos de ver en Fuego adentro y Te llevo conmigo.<\/p>\n\n\n\n<p class=\"wp-block-paragraph\">Nuestras madres resulta pues un filme crudo y conmovedor que no hay que perderse, sobre una tragedia que no debe repetirse.<\/p>\n","protected":false},"excerpt":{"rendered":"<p>CINE DE HOY Luego de su paso por varios festivales se ha estrenado al fin en una de las salas de la Cineteca Nacional, la espl\u00e9ndida cinta guatemalteca de C\u00e9sar D\u00edaz, Nuestras madres. El gui\u00f3n del propio realizador nacido el 20 de septiembre de 1978 est\u00e1 ubicado en Guatemala en 2018 y es la primera [&hellip;]<\/p>\n","protected":false},"author":96,"featured_media":219956,"comment_status":"closed","ping_status":"closed","sticky":false,"template":"","format":"standard","meta":{"footnotes":""},"categories":[41,54,42],"tags":[],"class_list":["post-219953","post","type-post","status-publish","format-standard","has-post-thumbnail","hentry","category-arteria-cultural","category-jorge-carrasco","category-nuestrapalabra"],"_links":{"self":[{"href":"https:\/\/plazajuarez.mx\/historico\/wp-json\/wp\/v2\/posts\/219953","targetHints":{"allow":["GET"]}}],"collection":[{"href":"https:\/\/plazajuarez.mx\/historico\/wp-json\/wp\/v2\/posts"}],"about":[{"href":"https:\/\/plazajuarez.mx\/historico\/wp-json\/wp\/v2\/types\/post"}],"author":[{"embeddable":true,"href":"https:\/\/plazajuarez.mx\/historico\/wp-json\/wp\/v2\/users\/96"}],"replies":[{"embeddable":true,"href":"https:\/\/plazajuarez.mx\/historico\/wp-json\/wp\/v2\/comments?post=219953"}],"version-history":[{"count":0,"href":"https:\/\/plazajuarez.mx\/historico\/wp-json\/wp\/v2\/posts\/219953\/revisions"}],"wp:featuredmedia":[{"embeddable":true,"href":"https:\/\/plazajuarez.mx\/historico\/wp-json\/wp\/v2\/media\/219956"}],"wp:attachment":[{"href":"https:\/\/plazajuarez.mx\/historico\/wp-json\/wp\/v2\/media?parent=219953"}],"wp:term":[{"taxonomy":"category","embeddable":true,"href":"https:\/\/plazajuarez.mx\/historico\/wp-json\/wp\/v2\/categories?post=219953"},{"taxonomy":"post_tag","embeddable":true,"href":"https:\/\/plazajuarez.mx\/historico\/wp-json\/wp\/v2\/tags?post=219953"}],"curies":[{"name":"wp","href":"https:\/\/api.w.org\/{rel}","templated":true}]}}