{"id":2199,"date":"2015-03-14T06:00:00","date_gmt":"2015-03-14T06:00:00","guid":{"rendered":"http:\/\/plazajuarez.mx\/index\/index.php\/2015\/03\/14\/lamenta-legislador-caso-omiso-de-los-ayuntamientos\/"},"modified":"2015-03-14T06:00:00","modified_gmt":"2015-03-14T06:00:00","slug":"lamenta-legislador-caso-omiso-de-los-ayuntamientos","status":"publish","type":"post","link":"https:\/\/plazajuarez.mx\/historico\/lamenta-legislador-caso-omiso-de-los-ayuntamientos\/","title":{"rendered":"Lamenta legislador caso omiso de los ayuntamientos"},"content":{"rendered":"<p><strong><span style=\"font-family: verdana,geneva; font-size: 10pt;\">El diputado local de la fracci\u00f3n del Partido Revolucionario Institucional (PRI) Ruperto Ram\u00edrez Vargas, lament\u00f3, en entrevista, que los exhortos que emite el Congreso local en materia de racionalidad del presupuesto de egresos, no sean atendidos por los ayuntamientos, adem\u00e1s de las recomendaciones y acercamientos permanentes que muchos han desaprovechado.<\/span><\/strong><\/p>\n<p>  <!--more-->  <\/p>\n<p>\u00a0<\/p>\n<p><span style=\"font-family: verdana,geneva; font-size: 10pt;\">\u00a0<\/span><\/p>\n<p><span style=\"font-family: verdana,geneva; font-size: 10pt;\">Cuestionado sobre la situaci\u00f3n que guardan en estos momentos los municipios que recibieron observaciones por la Auditor\u00eda Superior del Estado de Hidalgo (ASEH) en el informe de la fiscalizaci\u00f3n de la Cuenta P\u00fablica 2013, se\u00f1al\u00f3 que una vez que hayan realizado el desahogo de pruebas para solventar podr\u00e1 tener las declaraciones pertinentes.<\/span><\/p>\n<p><span style=\"font-family: verdana,geneva; font-size: 10pt;\">\u00a0<\/span><\/p>\n<p><span style=\"font-family: verdana,geneva; font-size: 10pt;\">\u201cPrimero es necesario analizar a fondo y saber si lo que entregan es v\u00e1lido para solventar la cuenta o no, de lo contrario la ASEH est\u00e1 facultada para inmediatamente actuar y emitir los procedimientos administrativos de responsabilidades correspondientes (sanciones econ\u00f3micas o de car\u00e1cter penal), y ser\u00e1 hasta ese momento en el que el municipio ya se puede considerar en graves problemas\u201d, dijo.<\/span><\/p>\n<p><span style=\"font-family: verdana,geneva; font-size: 10pt;\">\u00a0<\/span><\/p>\n<p><span style=\"font-family: verdana,geneva; font-size: 10pt;\">Y agreg\u00f3 \u201cen estos momentos es muy aventurado dar una cifra o un juicio sobre qu\u00e9 instancias o ayuntamientos pudieran llegar a ser objeto de sanciones por parte de la ASEH una vez concluido el periodo establecido por la ley para que solventen sus observaciones, ya se podr\u00e1 decir qui\u00e9nes ser\u00e1n sancionados y por qu\u00e9\u201d.<\/span><\/p>\n<p><span style=\"font-family: verdana,geneva; font-size: 10pt;\">\u00a0<\/span><\/p>\n<p><span style=\"font-family: verdana,geneva; font-size: 10pt;\">\u00a0<\/span><\/p>\n<p><span style=\"font-family: verdana,geneva; font-size: 10pt;\">Finalmente, reconoci\u00f3 que en este momento no ser\u00eda conveniente un exhorto m\u00e1s, ya que el propio congreso tiene un acercamiento que, aunque se ha desaprovechado por algunos, no deja de atenderse, ya que asegur\u00f3 que al momento de presentar sus propuestas de leyes de ingresos se verifica que todo lo que vayan a gastar est\u00e9 contenido en su presupuesto de egresos.<\/span><\/p>\n","protected":false},"excerpt":{"rendered":"<p>El diputado local de la fracci\u00f3n del Partido Revolucionario Institucional (PRI) Ruperto Ram\u00edrez Vargas, lament\u00f3, en entrevista, que los exhortos que emite el Congreso local en materia de racionalidad del presupuesto de egresos, no sean atendidos por los ayuntamientos, adem\u00e1s de las recomendaciones y acercamientos permanentes que muchos han desaprovechado.<\/p>\n","protected":false},"author":93,"featured_media":0,"comment_status":"open","ping_status":"open","sticky":false,"template":"","format":"standard","meta":{"footnotes":""},"categories":[59],"tags":[],"class_list":["post-2199","post","type-post","status-publish","format-standard","hentry","category-general"],"_links":{"self":[{"href":"https:\/\/plazajuarez.mx\/historico\/wp-json\/wp\/v2\/posts\/2199","targetHints":{"allow":["GET"]}}],"collection":[{"href":"https:\/\/plazajuarez.mx\/historico\/wp-json\/wp\/v2\/posts"}],"about":[{"href":"https:\/\/plazajuarez.mx\/historico\/wp-json\/wp\/v2\/types\/post"}],"author":[{"embeddable":true,"href":"https:\/\/plazajuarez.mx\/historico\/wp-json\/wp\/v2\/users\/93"}],"replies":[{"embeddable":true,"href":"https:\/\/plazajuarez.mx\/historico\/wp-json\/wp\/v2\/comments?post=2199"}],"version-history":[{"count":0,"href":"https:\/\/plazajuarez.mx\/historico\/wp-json\/wp\/v2\/posts\/2199\/revisions"}],"wp:attachment":[{"href":"https:\/\/plazajuarez.mx\/historico\/wp-json\/wp\/v2\/media?parent=2199"}],"wp:term":[{"taxonomy":"category","embeddable":true,"href":"https:\/\/plazajuarez.mx\/historico\/wp-json\/wp\/v2\/categories?post=2199"},{"taxonomy":"post_tag","embeddable":true,"href":"https:\/\/plazajuarez.mx\/historico\/wp-json\/wp\/v2\/tags?post=2199"}],"curies":[{"name":"wp","href":"https:\/\/api.w.org\/{rel}","templated":true}]}}