{"id":2198,"date":"2015-03-14T06:00:00","date_gmt":"2015-03-14T06:00:00","guid":{"rendered":"http:\/\/plazajuarez.mx\/index\/index.php\/2015\/03\/14\/dotan-a-docentes-de-celulares\/"},"modified":"2015-03-14T06:00:00","modified_gmt":"2015-03-14T06:00:00","slug":"dotan-a-docentes-de-celulares","status":"publish","type":"post","link":"https:\/\/plazajuarez.mx\/historico\/dotan-a-docentes-de-celulares\/","title":{"rendered":"Dotan a docentes de celulares"},"content":{"rendered":"<p><strong><span style=\"font-family: verdana,geneva; font-size: 10pt;\">Ayer Sinuh\u00e9 Ram\u00edrez Oviedo, dirigente de la Secci\u00f3n 15 del Sindicato Nacional de Trabajadores de la Educaci\u00f3n del (SNTE) en Hidalgo, llev\u00f3 a cabo la entrega de equipos m\u00f3viles a docentes de educaci\u00f3n b\u00e1sica, media superior y superior en la entidad.<\/span><\/strong><\/p>\n<p>  <!--more-->  <\/p>\n<p>\u00a0<\/p>\n<p><span style=\"font-family: verdana,geneva; font-size: 10pt;\">\u00a0<\/span><\/p>\n<p><span style=\"font-family: verdana,geneva; font-size: 10pt;\">El representante del magisterio se\u00f1al\u00f3 que los tel\u00e9fonos celulares ser\u00e1n una herramienta adicional para mejorar el trabajo y tener una mayor coordinaci\u00f3n de las distintas \u00e1reas del gremio.<\/span><\/p>\n<p><span style=\"font-family: verdana,geneva; font-size: 10pt;\">\u00a0<\/span><\/p>\n<p><span style=\"font-family: verdana,geneva; font-size: 10pt;\">\u201cEsta herramienta nos va a permitir tener m\u00e1s informaci\u00f3n y tener un contacto m\u00e1s directo entre nosotros\u201d se\u00f1al\u00f3 el l\u00edder del SNTE.<\/span><\/p>\n<p><span style=\"font-family: verdana,geneva; font-size: 10pt;\">\u00a0<\/span><\/p>\n<p><span style=\"font-family: verdana,geneva; font-size: 10pt;\">Recalc\u00f3 que con dicha entrega se busca dar car\u00e1cter de un sindicato \u00fanico y un factor de unidad \u201cAhora nos mantendremos m\u00e1s unidos, nos permitir\u00e1 tener mejor comunicaci\u00f3n en todos los 84 municipios del estado\u201d.<\/span><\/p>\n<p><span style=\"font-family: verdana,geneva; font-size: 10pt;\">\u00a0<\/span><\/p>\n<p><span style=\"font-family: verdana,geneva; font-size: 10pt;\">Por su parte, Yesenia Ventura Trejo, docente de Telesecundaria coment\u00f3 que es de mucho beneficio y gratificante esta modalidad, ya que podr\u00e1n estar m\u00e1s informados y la informaci\u00f3n que reciban va a ser ver\u00eddica, porque es exclusivo para nosotros\u201d, dijo.<\/span><\/p>\n<p><span style=\"font-family: verdana,geneva; font-size: 10pt;\">\u00a0<\/span><\/p>\n<p><span style=\"font-family: verdana,geneva; font-size: 10pt;\">Por \u00faltimo, la maestra Mar\u00eda Elena Silva se\u00f1al\u00f3, \u201cEs un factor importante en relaci\u00f3n de la comunicaci\u00f3n para reforzarla, adem\u00e1s de que cuenta con aplicaciones especificas, y unas situaciones que ya se tienen establecidas como sindicato y eso nos posiciona a la vanguardia en las comunicaciones\u201d, finaliz\u00f3.<\/span><\/p>\n<p><span style=\"font-family: verdana,geneva; font-size: 10pt;\">\u00a0<\/span><\/p>\n","protected":false},"excerpt":{"rendered":"<p>Ayer Sinuh\u00e9 Ram\u00edrez Oviedo, dirigente de la Secci\u00f3n 15 del Sindicato Nacional de Trabajadores de la Educaci\u00f3n del (SNTE) en Hidalgo, llev\u00f3 a cabo la entrega de equipos m\u00f3viles a docentes de educaci\u00f3n b\u00e1sica, media superior y superior en la entidad.<\/p>\n","protected":false},"author":93,"featured_media":0,"comment_status":"open","ping_status":"open","sticky":false,"template":"","format":"standard","meta":{"footnotes":""},"categories":[59],"tags":[],"class_list":["post-2198","post","type-post","status-publish","format-standard","hentry","category-general"],"_links":{"self":[{"href":"https:\/\/plazajuarez.mx\/historico\/wp-json\/wp\/v2\/posts\/2198","targetHints":{"allow":["GET"]}}],"collection":[{"href":"https:\/\/plazajuarez.mx\/historico\/wp-json\/wp\/v2\/posts"}],"about":[{"href":"https:\/\/plazajuarez.mx\/historico\/wp-json\/wp\/v2\/types\/post"}],"author":[{"embeddable":true,"href":"https:\/\/plazajuarez.mx\/historico\/wp-json\/wp\/v2\/users\/93"}],"replies":[{"embeddable":true,"href":"https:\/\/plazajuarez.mx\/historico\/wp-json\/wp\/v2\/comments?post=2198"}],"version-history":[{"count":0,"href":"https:\/\/plazajuarez.mx\/historico\/wp-json\/wp\/v2\/posts\/2198\/revisions"}],"wp:attachment":[{"href":"https:\/\/plazajuarez.mx\/historico\/wp-json\/wp\/v2\/media?parent=2198"}],"wp:term":[{"taxonomy":"category","embeddable":true,"href":"https:\/\/plazajuarez.mx\/historico\/wp-json\/wp\/v2\/categories?post=2198"},{"taxonomy":"post_tag","embeddable":true,"href":"https:\/\/plazajuarez.mx\/historico\/wp-json\/wp\/v2\/tags?post=2198"}],"curies":[{"name":"wp","href":"https:\/\/api.w.org\/{rel}","templated":true}]}}