{"id":219369,"date":"2022-06-18T09:17:53","date_gmt":"2022-06-18T14:17:53","guid":{"rendered":"https:\/\/plazajuarez.mx\/?p=219369"},"modified":"2022-06-18T09:18:00","modified_gmt":"2022-06-18T14:18:00","slug":"celebran-los-tigres-del-norte-54-anos-de-trayectoria","status":"publish","type":"post","link":"https:\/\/plazajuarez.mx\/historico\/celebran-los-tigres-del-norte-54-anos-de-trayectoria\/","title":{"rendered":"Celebran Los Tigres del Norte, 54 a\u00f1os de trayectoria"},"content":{"rendered":"\n<p>(EFE).- En una cita con sus 54 a\u00f1os de trayectoria, Los Tigres del Norte se re\u00fanen en el restaurante donde todo comenz\u00f3 en San Jos\u00e9, California (EE.UU.), pero no para cantar las historias del migrante mexicano que resuenan en tantas de sus canciones, sino para hablar de su propia historia en el documental \u201cLos Tigres del Norte: Historias que contar\u201d.<\/p>\n\n\n\n<p>\u201cNormalmente se conoce lo que hace uno dentro del escenario y lo que promueves art\u00edsticamente, pero este documental deja plasmada esa parte humana de Los Tigres, esos momentos, etapas de crecimiento y los obst\u00e1culos que se tuvieron que ir sorteando\u201d, cuenta este viernes en entrevista con Efe Luis, el m\u00e1s joven de los hermanos Hern\u00e1ndez y el \u00faltimo en llegar a la banda.<\/p>\n\n\n\n<p>La precariedad econ\u00f3mica y dificultades que enfrentaban Eduardo Hern\u00e1ndez y Consuelo \u00c1ngulo para mantener a sus 11 hijos obligaron a cuatro de ellos a partir de casa en la b\u00fasqueda de un sustento para la familia.<\/p>\n\n\n\n<p>Jorge, Hern\u00e1n, Eduardo, Ra\u00fal Hern\u00e1ndez y su primo, Oscar Lara, salieron del municipio de Mocorito, en el estado de Sinaloa rumbo a Mexicali, Baja California, para probar suerte como m\u00fasicos, sin ninguna otra pretensi\u00f3n m\u00e1s que apoyar econ\u00f3micamente a sus padres.<\/p>\n\n\n\n<p>De la necesidad surgi\u00f3 el \u00e9xito de los llamados &#8220;Rolling Stones de Am\u00e9rica Latina&#8221; y ahora con su propia voz cuentan las vivencias que los llevaron al trono del regional mexicano en el documental que se estrena este viernes en la plataforma Prime Video.<\/p>\n","protected":false},"excerpt":{"rendered":"<p>(EFE).- En una cita con sus 54 a\u00f1os de trayectoria, Los Tigres del Norte se re\u00fanen en el restaurante donde todo comenz\u00f3 en San Jos\u00e9, California (EE.UU.), pero no para cantar las historias del migrante mexicano que resuenan en tantas de sus canciones, sino para hablar de su propia historia en el documental \u201cLos Tigres [&hellip;]<\/p>\n","protected":false},"author":80,"featured_media":219370,"comment_status":"closed","ping_status":"closed","sticky":false,"template":"","format":"standard","meta":{"footnotes":""},"categories":[38],"tags":[],"class_list":["post-219369","post","type-post","status-publish","format-standard","has-post-thumbnail","hentry","category-show"],"_links":{"self":[{"href":"https:\/\/plazajuarez.mx\/historico\/wp-json\/wp\/v2\/posts\/219369","targetHints":{"allow":["GET"]}}],"collection":[{"href":"https:\/\/plazajuarez.mx\/historico\/wp-json\/wp\/v2\/posts"}],"about":[{"href":"https:\/\/plazajuarez.mx\/historico\/wp-json\/wp\/v2\/types\/post"}],"author":[{"embeddable":true,"href":"https:\/\/plazajuarez.mx\/historico\/wp-json\/wp\/v2\/users\/80"}],"replies":[{"embeddable":true,"href":"https:\/\/plazajuarez.mx\/historico\/wp-json\/wp\/v2\/comments?post=219369"}],"version-history":[{"count":0,"href":"https:\/\/plazajuarez.mx\/historico\/wp-json\/wp\/v2\/posts\/219369\/revisions"}],"wp:featuredmedia":[{"embeddable":true,"href":"https:\/\/plazajuarez.mx\/historico\/wp-json\/wp\/v2\/media\/219370"}],"wp:attachment":[{"href":"https:\/\/plazajuarez.mx\/historico\/wp-json\/wp\/v2\/media?parent=219369"}],"wp:term":[{"taxonomy":"category","embeddable":true,"href":"https:\/\/plazajuarez.mx\/historico\/wp-json\/wp\/v2\/categories?post=219369"},{"taxonomy":"post_tag","embeddable":true,"href":"https:\/\/plazajuarez.mx\/historico\/wp-json\/wp\/v2\/tags?post=219369"}],"curies":[{"name":"wp","href":"https:\/\/api.w.org\/{rel}","templated":true}]}}