{"id":21915,"date":"2016-05-26T12:04:28","date_gmt":"2016-05-26T12:04:28","guid":{"rendered":"http:\/\/plazajuarez.mx\/index\/index.php\/2016\/05\/26\/matrimonio-igualitario-un-gran-paso\/"},"modified":"2016-05-26T12:04:28","modified_gmt":"2016-05-26T12:04:28","slug":"matrimonio-igualitario-un-gran-paso","status":"publish","type":"post","link":"https:\/\/plazajuarez.mx\/historico\/matrimonio-igualitario-un-gran-paso\/","title":{"rendered":"Matrimonio igualitario, un gran paso"},"content":{"rendered":"<p style=\"text-align: justify;\">M\u00e9xico y el mundo entero quedamos sorprendidos el pasado 17 de mayo, D\u00eda Internacional de la Lucha contra la Homofobia, cuando el titular del Ejecutivo federal anunci\u00f3 ante representantes del movimiento LGBTTTI la iniciativa para incluir en la Constituci\u00f3n el derecho al matrimonio igualitario, as\u00ed como diversas modificaciones al C\u00f3digo Civil federal.<\/p>\n<p>  <!--more-->  <\/p>\n<p style=\"text-align: justify;\">Algunos no daban cr\u00e9dito a que el presidente Pe\u00f1a Nieto, se\u00f1alado por muchos como conservador, con su iniciativa confrontara a un conglomerado militante del trasnochado concepto de familia compuesta s\u00f3lo e ineludiblemente por una mujer y un hombre, al que adem\u00e1s le otorga en exclusiva el derecho a adoptar.<\/p>\n<p style=\"text-align: justify;\">Lo cierto es que el responsable del Ejecutivo federal responde a una exigencia de muchos a\u00f1os de la comunidad LGBTTTI, el cual ha argumentado, entre otros, los principios de no discriminaci\u00f3n y de igualdad, y responde a las obligaciones del Estado mexicano con el Derecho Internacional de los derechos humanos.<\/p>\n<p style=\"text-align: justify;\">La propuesta de Pe\u00f1a Nieto tiene coincidencias con la iniciativa que present\u00e9 en 2013 para expedir la Ley General para Promover la Igualdad y la Protecci\u00f3n de los Derechos de las Personas con Diversas Orientaciones Sexuales e Identidades de G\u00e9nero, la cual se encuentra en comisiones.<\/p>\n<p style=\"text-align: justify;\">Es un buen momento para discutir la iniciativa de Ley General que adopta los Principios Yogyakarta y busca garantizar los derechos a la vida, al trabajo, la salud, la seguridad social, un nivel de vida digna, la protecci\u00f3n contra abusos m\u00e9dicos, la libertad de opini\u00f3n y expresi\u00f3n, la libertad de pensamiento, de conciencia y religi\u00f3n, de movimiento, a formar una familia, a participar en la vida p\u00fablica y cultural, entre otros derechos de la comunidad LGBTTTI.<\/p>\n<p style=\"text-align: justify;\">Porque la orientaci\u00f3n sexual y la identidad o expresi\u00f3n de g\u00e9nero de las personas no debe impedir, ni obstaculizar la concreci\u00f3n de su proyecto de vida y el Estado debe garantizar a todos por igual la protecci\u00f3n de sus derechos; asimismo, la sociedad en su conjunto debe respetar el libre desarrollo de la personalidad de todos sus integrantes.<\/p>\n<p style=\"text-align: justify;\">Concuerdo con las propuestas de abrir las puertas del Congreso para convocar a un debate nacional sobre el tema y sean escuchadas todas las voces, tanto las que est\u00e1n a favor, como las que se oponen, aunque el reconocimiento de los derechos humanos y su vigencia, defensa y protecci\u00f3n por parte del Estado no pueden someterse a consultas o a encuestas, porque la obligaci\u00f3n de las y los legisladores es garantizarlos mediante la reforma a leyes vigentes o la creaci\u00f3n de nueva legislaci\u00f3n.<\/p>\n<p style=\"text-align: justify;\">El mundo est\u00e1 cambiando, nuestra sociedad se transforma din\u00e1micamente y nuestra Constituci\u00f3n protege cada uno de los derechos humanos, por lo tanto, es necesario reconocer sin regateo alguno los m\u00e9ritos de la iniciativa del titular del Ejecutivo federal y trabajar en que su dictamen vaya m\u00e1s all\u00e1.<\/p>\n<p style=\"text-align: justify;\">Estamos ante una gran oportunidad y debemos pugnar por concretar una gran reforma a nuestro marco jur\u00eddico para fortalecerlo y as\u00ed garantizar que desde las dependencias encargadas de las pol\u00edticas p\u00fablicas se logre la m\u00e1s amplia protecci\u00f3n del derecho que tienen todas y todos los mexicanos a expresar libremente su orientaci\u00f3n sexual o su identidad de g\u00e9nero, a formar una familia y a adoptar.<\/p>\n<p style=\"text-align: justify;\">Demos el paso definitivo para erradicar de nuestro M\u00e9xico la discriminaci\u00f3n y los cr\u00edmenes de odio por homofobia, lesbofobia, bifobia y transfobia.<\/p>\n<p style=\"text-align: justify;\">\u00a0<\/p>\n","protected":false},"excerpt":{"rendered":"<p>M\u00e9xico y el mundo entero quedamos sorprendidos el pasado 17 de mayo, D\u00eda Internacional de la Lucha contra la Homofobia, cuando el titular del Ejecutivo federal anunci\u00f3 ante representantes del movimiento LGBTTTI la iniciativa para incluir en la Constituci\u00f3n el derecho al matrimonio igualitario, as\u00ed como diversas modificaciones al C\u00f3digo Civil federal.<\/p>\n","protected":false},"author":93,"featured_media":0,"comment_status":"open","ping_status":"open","sticky":false,"template":"","format":"standard","meta":{"footnotes":""},"categories":[42],"tags":[],"class_list":["post-21915","post","type-post","status-publish","format-standard","hentry","category-nuestrapalabra"],"_links":{"self":[{"href":"https:\/\/plazajuarez.mx\/historico\/wp-json\/wp\/v2\/posts\/21915","targetHints":{"allow":["GET"]}}],"collection":[{"href":"https:\/\/plazajuarez.mx\/historico\/wp-json\/wp\/v2\/posts"}],"about":[{"href":"https:\/\/plazajuarez.mx\/historico\/wp-json\/wp\/v2\/types\/post"}],"author":[{"embeddable":true,"href":"https:\/\/plazajuarez.mx\/historico\/wp-json\/wp\/v2\/users\/93"}],"replies":[{"embeddable":true,"href":"https:\/\/plazajuarez.mx\/historico\/wp-json\/wp\/v2\/comments?post=21915"}],"version-history":[{"count":0,"href":"https:\/\/plazajuarez.mx\/historico\/wp-json\/wp\/v2\/posts\/21915\/revisions"}],"wp:attachment":[{"href":"https:\/\/plazajuarez.mx\/historico\/wp-json\/wp\/v2\/media?parent=21915"}],"wp:term":[{"taxonomy":"category","embeddable":true,"href":"https:\/\/plazajuarez.mx\/historico\/wp-json\/wp\/v2\/categories?post=21915"},{"taxonomy":"post_tag","embeddable":true,"href":"https:\/\/plazajuarez.mx\/historico\/wp-json\/wp\/v2\/tags?post=21915"}],"curies":[{"name":"wp","href":"https:\/\/api.w.org\/{rel}","templated":true}]}}