{"id":21914,"date":"2016-05-26T12:04:26","date_gmt":"2016-05-26T12:04:26","guid":{"rendered":"http:\/\/plazajuarez.mx\/index\/index.php\/2016\/05\/26\/dese-por-enterado-200\/"},"modified":"2020-04-14T19:08:59","modified_gmt":"2020-04-14T19:08:59","slug":"dese-por-enterado-200","status":"publish","type":"post","link":"https:\/\/plazajuarez.mx\/historico\/dese-por-enterado-200\/","title":{"rendered":"DESE POR ENTERADO"},"content":{"rendered":"<p style=\"text-align: justify;\"><strong>PUES QUE SIEMPRE MI MAM\u00c1 DIJO QUE NO<\/strong><\/p>\n<p style=\"text-align: justify;\">\u201c\u00bfQu\u00e9, a poco pensaron que era en serio?\u201d, se permiti\u00f3 manifestar el dirigente panista, Azael Hern\u00e1ndez, cuando le preguntaron qu\u00e9 hab\u00eda pasado con su mentada \u201cAlianza de Facto\u201d, que llevar\u00eda como candidato al gobierno de Hidalgo a Francisco Xavier. \u201cNadam\u00e1s fue para ver c\u00f3mo reaccionaban malandrines\u201d, habr\u00eda dicho. El hecho es que para estos momento ya no tendr\u00eda ning\u00fan sentido que a toda costa quisieran bajar al profesor Guadarrama de su caballo. El cantante tendr\u00e1 que ir solo y su alma, y por supuesto con sus muy particulares encuestas que ya lo colocan como ganador, aunque ni \u00e9l mismo lo crea.<\/p>\n<p>  <!--more-->  <\/p>\n<p style=\"text-align: justify;\">\u00a0<\/p>\n<p style=\"text-align: justify;\">\u00a0\u00a0\u00a0\u00a0\u00a0\u00a0\u00a0\u00a0\u00a0\u00a0\u00a0\u00a0\u00a0\u00a0\u00a0\u00a0\u00a0\u00a0\u00a0\u00a0\u00a0\u00a0\u00a0\u00a0\u00a0\u00a0\u00a0\u00a0\u00a0\u00a0\u00a0\u00a0\u00a0\u00a0\u00a0\u00a0\u00a0\u00a0\u00a0\u00a0\u00a0\u00a0\u00a0\u00a0\u00a0\u00a0\u00a0\u00a0\u00a0\u00a0\u00a0\u00a0\u00a0\u00a0\u00a0\u00a0\u00a0\u00a0 ***<\/p>\n<p style=\"text-align: justify;\"><strong>\u00bfQUI\u00c9N ES EL VALIENTE QUE ME <\/strong><strong>BAJA DE LA CONTIENDA?<\/strong><\/p>\n<p style=\"text-align: justify;\">El profe Guadarrama mand\u00f3 a decir que quieren saber qui\u00e9n jijos es el valiente que intenta bajarlo de la carrera por la gubernatura. Asegur\u00f3 que ahora s\u00ed va en serio, y que ning\u00fan ca\u00f1onazo de qui\u00e9n sabe cu\u00e1ntos ceros impedir\u00e1 que el 5 de junio est\u00e9 en las boletas electorales. Con rostro renovado por la juventud que contagia la actividad pol\u00edtica, no se vaya a pensar en programas de computadora u otros menjurjes, el de Jacala adelant\u00f3 que si en esta ocasi\u00f3n le va mal, est\u00e1 listo para dentro de seis a\u00f1os. \u201c\u00a1Viejos lo cherros jijochdesuchi!\u201d.<\/p>\n<p style=\"text-align: justify;\">\u00a0\u00a0\u00a0\u00a0\u00a0\u00a0\u00a0\u00a0\u00a0\u00a0\u00a0\u00a0\u00a0\u00a0\u00a0\u00a0\u00a0\u00a0\u00a0\u00a0\u00a0\u00a0\u00a0\u00a0\u00a0\u00a0\u00a0\u00a0\u00a0\u00a0\u00a0\u00a0\u00a0\u00a0\u00a0\u00a0\u00a0\u00a0\u00a0\u00a0\u00a0\u00a0\u00a0\u00a0\u00a0\u00a0\u00a0\u00a0\u00a0\u00a0\u00a0\u00a0\u00a0\u00a0\u00a0\u00a0\u00a0\u00a0 ***<\/p>\n<p style=\"text-align: justify;\"><strong>CHUCHO MART\u00cdNEZ PARA ALCALDE,\u00a0<\/strong><strong>O POR LO MENOS PARA BEATO<\/strong><\/p>\n<p style=\"text-align: justify;\">Por su bonhom\u00eda, por su siempre sensibilidad humana, porque ning\u00fan jugador del Club Pachuca puede quejarse de ser tratado como ganado, desde estos momentos proponemos la candidatura del sencillito Jes\u00fas Mart\u00ednez y de su contlapache, el profesor Fassi, para llegar a la presidencia municipal de Pachuca. Y de lo contrario, tambi\u00e9n arrancaremos la campa\u00f1a respectiva para que sea reconocido como Beato en pr\u00f3ximas fechas, por todos los milagros que ya ha hecho. No se diga del Santo Ni\u00f1o Fassi. La propuesta est\u00e1 hecha.<\/p>\n<p style=\"text-align: justify;\">\u00a0\u00a0\u00a0\u00a0\u00a0\u00a0\u00a0\u00a0\u00a0\u00a0\u00a0\u00a0\u00a0\u00a0\u00a0\u00a0\u00a0\u00a0\u00a0\u00a0\u00a0\u00a0\u00a0\u00a0\u00a0\u00a0\u00a0\u00a0\u00a0\u00a0\u00a0\u00a0\u00a0\u00a0\u00a0\u00a0\u00a0\u00a0\u00a0\u00a0\u00a0\u00a0\u00a0\u00a0\u00a0\u00a0\u00a0\u00a0\u00a0\u00a0\u00a0\u00a0\u00a0\u00a0\u00a0\u00a0\u00a0\u00a0 ***<\/p>\n<p style=\"text-align: justify;\"><strong>ROXXY NO LE DEBE NADA A NADIE<\/strong><\/p>\n<p style=\"text-align: justify;\">Ella siempre ha visto hacer el bien sin mirar a qui\u00e9n. Si en ese camino tiene que votar en contra del partido en que milita, nadie debe criticarla. As\u00ed que lo mismo puede estar un d\u00eda en el PAN y hacer campa\u00f1a a favor del candidato de Movimiento Ciudadano. Otro ser Independiente y declinar por alguna franquicia que reci\u00e9n adquiera el Santo Patr\u00f3n. Pero llamar a eso traici\u00f3n, eso es toda una equivocaci\u00f3n. Lo que \u00fanico que ha hecho desde siempre es responder a su vocaci\u00f3n de buena samaritana. He dicho.<\/p>\n<p style=\"text-align: justify;\">\u00a0\u00a0\u00a0\u00a0\u00a0\u00a0\u00a0\u00a0\u00a0\u00a0\u00a0\u00a0\u00a0\u00a0\u00a0\u00a0\u00a0\u00a0\u00a0\u00a0\u00a0\u00a0\u00a0\u00a0\u00a0\u00a0\u00a0\u00a0\u00a0\u00a0\u00a0\u00a0\u00a0\u00a0\u00a0\u00a0\u00a0\u00a0\u00a0\u00a0\u00a0\u00a0\u00a0\u00a0\u00a0\u00a0\u00a0\u00a0\u00a0\u00a0\u00a0\u00a0\u00a0\u00a0\u00a0\u00a0\u00a0\u00a0 ***<\/p>\n<p style=\"text-align: justify;\">DUDAS Y COMENTARIOS:<\/p>\n<p style=\"text-align: justify;\"><a href=\"mailto:desexenterado@gmail.com\">desexenterado@gmail.com<\/a><\/p>\n<p style=\"text-align: justify;\">twitter @desexenterado<\/p>\n","protected":false},"excerpt":{"rendered":"<p>PUES QUE SIEMPRE MI MAM\u00c1 DIJO QUE NO \u201c\u00bfQu\u00e9, a poco pensaron que era en serio?\u201d, se permiti\u00f3 manifestar el dirigente panista, Azael Hern\u00e1ndez, cuando le preguntaron qu\u00e9 hab\u00eda pasado con su mentada \u201cAlianza de Facto\u201d, que llevar\u00eda como candidato al gobierno de Hidalgo a Francisco Xavier. \u201cNadam\u00e1s fue para ver c\u00f3mo reaccionaban malandrines\u201d, habr\u00eda [&hellip;]<\/p>\n","protected":false},"author":93,"featured_media":0,"comment_status":"open","ping_status":"open","sticky":false,"template":"","format":"standard","meta":{"footnotes":""},"categories":[83,42],"tags":[],"class_list":["post-21914","post","type-post","status-publish","format-standard","hentry","category-dese-por-enterado","category-nuestrapalabra"],"_links":{"self":[{"href":"https:\/\/plazajuarez.mx\/historico\/wp-json\/wp\/v2\/posts\/21914","targetHints":{"allow":["GET"]}}],"collection":[{"href":"https:\/\/plazajuarez.mx\/historico\/wp-json\/wp\/v2\/posts"}],"about":[{"href":"https:\/\/plazajuarez.mx\/historico\/wp-json\/wp\/v2\/types\/post"}],"author":[{"embeddable":true,"href":"https:\/\/plazajuarez.mx\/historico\/wp-json\/wp\/v2\/users\/93"}],"replies":[{"embeddable":true,"href":"https:\/\/plazajuarez.mx\/historico\/wp-json\/wp\/v2\/comments?post=21914"}],"version-history":[{"count":0,"href":"https:\/\/plazajuarez.mx\/historico\/wp-json\/wp\/v2\/posts\/21914\/revisions"}],"wp:attachment":[{"href":"https:\/\/plazajuarez.mx\/historico\/wp-json\/wp\/v2\/media?parent=21914"}],"wp:term":[{"taxonomy":"category","embeddable":true,"href":"https:\/\/plazajuarez.mx\/historico\/wp-json\/wp\/v2\/categories?post=21914"},{"taxonomy":"post_tag","embeddable":true,"href":"https:\/\/plazajuarez.mx\/historico\/wp-json\/wp\/v2\/tags?post=21914"}],"curies":[{"name":"wp","href":"https:\/\/api.w.org\/{rel}","templated":true}]}}