{"id":21913,"date":"2016-05-26T12:04:25","date_gmt":"2016-05-26T12:04:25","guid":{"rendered":"http:\/\/plazajuarez.mx\/index\/index.php\/2016\/05\/26\/el-negocio-por-el-que-estuvo-dispuesto-a-dar-mordida-salvador-novo\/"},"modified":"2016-05-26T12:04:25","modified_gmt":"2016-05-26T12:04:25","slug":"el-negocio-por-el-que-estuvo-dispuesto-a-dar-mordida-salvador-novo","status":"publish","type":"post","link":"https:\/\/plazajuarez.mx\/historico\/el-negocio-por-el-que-estuvo-dispuesto-a-dar-mordida-salvador-novo\/","title":{"rendered":"El negocio por el que estuvo dispuesto a dar \u201cmordida\u201d Salvador Novo"},"content":{"rendered":"<p style=\"text-align: justify;\">Mochilazo en el tiempo<\/p>\n<p>  <!--more-->  <\/p>\n<p style=\"text-align: justify;\">Una nota de EL UNIVERSAL del 19 de enero de este a\u00f1o daba cuenta del estado financiero del Teatro La Capilla en Coyoac\u00e1n. Ese d\u00eda las paredes de la antigua hacienda, te\u00f1idas de rojizo, conten\u00edan a medio centenar de personas: periodistas, camar\u00f3grafos, cr\u00edticos, actores y directores de teatro. Un hombre que apenas pasa los 50 a\u00f1os, franc\u00e9s y de complexi\u00f3n delgada, daba aquella noticia sorpresiva: el Teatro La Capilla \u2014inaugurado por el poeta, ensayista, dramaturgo e historiador mexicano Salvador Novo\u2014 entraba en periodo de resistencia por falta de recursos econ\u00f3micos.<\/p>\n<p style=\"text-align: justify;\">Su nombre es Boris Schoemann, director \u2014junto con la compa\u00f1\u00eda teatral Los Endebles\u2014 del inmueble desde el a\u00f1o 2002. Acompa\u00f1ado de los directores de teatro Hugo Arrevillaga, Adri\u00e1n V\u00e1zquez, entre otros, m\u00e1s que dar una conferencia de prensa, iniciaron una tertulia sobre la historia del edificio, su tradici\u00f3n y trascendencia en la escena mexicana desde el 22 de enero de 1953, cuando Novo lo inaugur\u00f3 con la obra El presidente hereda, de Cesare Guiolio Viola, que tuvo una temporada de 142 funciones.<\/p>\n<p style=\"text-align: justify;\">El Teatro Ulises de Salvador Novo y Villaurrutia<\/p>\n<p style=\"text-align: justify;\">Salvador Novo, junto con Xavier Villaurrutia y la mecenas Antonieta Rivas Mercado, fund\u00f3 el Teatro de Ulises en 1927, un foro de teatro experimental en la calle de Mesones 42. En este teatro inici\u00f3 sus labores como dramaturgo, con trabajos de las corrientes de vanguardia que predominaban en la escena europea. No obstante, el poeta decidi\u00f3 abrir otro foro.<\/p>\n<p style=\"text-align: justify;\">Gracias al apoyo econ\u00f3mico de un empresario, Salvador Novo decidi\u00f3 en 1953 adquirir el terreno, ubicado en la delegaci\u00f3n Coyoac\u00e1n; su intenci\u00f3n original era abrir un Cine Club y ese a\u00f1o dirigi\u00f3 a su proveedor econ\u00f3mico una carta \u2014publicada por la Fundaci\u00f3n Salvador Novo en un medio de circulaci\u00f3n nacional\u2014 donde le revel\u00f3 lo dif\u00edcil que fue tomar esa decisi\u00f3n: \u201cLe he alquilado La Capilla a Gustavo Alatriste (esposo de Silvia Pinal) para Cine Club (&#8230;) Las diarias funciones, es de suponer que nutran al refectorio, que habr\u00e9 pues de abrir por las noches, con todas las monsergas consiguientes de m\u00e1s personal, pianista, bodega surtida y eventuales visitas de inspectores en busca de mordida. Tratar\u00e9 de arregl\u00e1rmelas para no esclavizarme por las noches\u2026\u201d.<\/p>\n<p style=\"text-align: justify;\">En la revista Teatro en 1954, Novo cont\u00f3 c\u00f3mo compr\u00f3 el terreno: \u201cUn amigo arquitecto me aconsej\u00f3 la compra de un terreno de mil metros que daban muy barato \u2014a treinta pesos el metro cuadrado\u2014 en la calle de Madrid n\u00famero 13, Coyoac\u00e1n (&#8230;) Hab\u00eda sido una hacienda (la Hacienda El Carmen), y el pedazo que me propon\u00edan conservaba, casi totalmente en ruinas, una peque\u00f1a capilla desmantelada y sucia. Admito que haya sido por una deformaci\u00f3n profesional, pero es el caso que le vi a esa capilla cara de teatro\u201d. Despu\u00e9s del gasto, el poeta esper\u00f3 a juntar el dinero suficiente para construir en \u00e9l.<\/p>\n<p style=\"text-align: justify;\">Salvador Novo, junto con Xavier Villaurrutia y la mecenas Antonieta Rivas Mercado, fund\u00f3 el Teatro de Ulises en 1927, un foro de teatro experimental de Mesones 42, teatro donde inici\u00f3 sus labores como dramaturgo, y por eso fueron considerados vanguardistas.<\/p>\n<p style=\"text-align: justify;\">Novo adapt\u00f3 La Capilla como teatro y mand\u00f3 levantar tres departamentos en el predio. Dos decidi\u00f3 rentarlos y en el tercero abri\u00f3 el restaurante El Refectorio. Novo tambi\u00e9n era un gran cocinero y abri\u00f3 el restaurante con la idea de que los espectadores al salir de la funci\u00f3n pasaran a tomar la cena.<\/p>\n<p style=\"text-align: justify;\">&#8211; La Capilla, espacio vanguardista de los a\u00f1os 50<\/p>\n<p style=\"text-align: justify;\">Tanto por el negocio como por la calidad de los montajes, La Capilla fue un espacio de gran vanguardia en los a\u00f1os 50, donde el ensayista se codeaba con personajes como el ex presidente Adolfo L\u00f3pez Mateos y la actriz Mar\u00eda F\u00e9lix. Tambi\u00e9n ah\u00ed fue representado el trabajo de autores pertenecientes a las nuevas corrientes art\u00edsticas que tocaban el absurdo, la homosexualidad y la miseria social, como Eug\u00e9ne Ionesco, Jean Cocteau, Eugene O\u2019Neill, Tennessee Williams y Samuel Beckett, de quien Novo dirigi\u00f3 por primera vez en nuestro pa\u00eds el cl\u00e1sico Esperando a Godot, en 1955.<\/p>\n<p style=\"text-align: justify;\">Pero en 1968 el teatro sufri\u00f3 de bajas audiencias por la impopularidad de Novo, por apoyar la intervenci\u00f3n militar en las universidades del pa\u00eds en sus escritos, como por sus declaraciones en el peri\u00f3dico Novedades: \u201cQue entre los estudiantes que andaban fuera de las escuelas, y los soldados que andaban fuera de los cuarteles, todo acab\u00f3 en un amorosobazuqueo\u201d. Un a\u00f1o despu\u00e9s, el Cronista de la Ciudad de M\u00e9xico \u2014como fue reconocido\u2014 sufri\u00f3 dos infartos, motivo por el cual se enclaustr\u00f3 en casa para trabajar. Entonces el teatro estaba derruido totalmente y la casa, abandonada.<\/p>\n<p style=\"text-align: justify;\">&#8211; El teatro heredado a un m\u00e9dico ortopedista<\/p>\n<p style=\"text-align: justify;\">Tras la muerte de Salvador Novo en 1974, La Capilla fue heredada a Salvador L\u00f3pez Atu\u00f1ano, un m\u00e9dico ortopedista que fue director del Hospital Ju\u00e1rez durante 40 a\u00f1os; no obstante, \u00e9l decidi\u00f3 rentar el lugar a Jesusa Rodr\u00edguez en 1980, una directora y actriz que, al lado de Liliana Felipe, lo reinaugur\u00f3 con una nueva idea esc\u00e9nica: el teatro cabaret El H\u00e1bito.<\/p>\n<p style=\"text-align: justify;\">A partir de ese momento, La Capilla ten\u00eda dos espacios muy distintos: uno en el que se presentaba todo tipo de teatro: \u00f3pera, mini\u00f3pera, teatro de experimentaci\u00f3n; y el otro, El H\u00e1bito, un laboratorio de experimentaci\u00f3n sobre s\u00e1tira pol\u00edtica con m\u00fasica.<\/p>\n<p style=\"text-align: justify;\">Uno de los montajes m\u00e1s representativos en El H\u00e1bito, fue El juicio a Salinas (1995): Hecho a ra\u00edz de un libro de Helio Flores (cartonista de EL UNIVERSAL desde 1971). En El H\u00e1bito, Enrique Fern\u00e1ndez Tellaeche, Cachirulo, entretuvo a todos los que alguna vez fueron ni\u00f1os y lo vieron a trav\u00e9s de su programa de televisi\u00f3n Teatro Fant\u00e1stico, porque ya crecidos se interesaban en verlo durante una funci\u00f3n de cabaret en la que se mofaba de \u00e9l mismo.<\/p>\n<p style=\"text-align: justify;\">Tambi\u00e9n ah\u00ed la cantante Chavela Vargas regres\u00f3 a los escenarios, despu\u00e9s de 13 a\u00f1os de silencio musical.<\/p>\n<p style=\"text-align: justify;\">Hoy en d\u00eda el Teatro La Capilla tiene 63 a\u00f1os de existencia. El foro principal presenta las obras m\u00e1s sobresalientes de la dramaturgia contempor\u00e1nea, como era el deseo de Salvador Novo desde 1953.<\/p>\n<p style=\"text-align: justify;\">El H\u00e1bito fue remodelado y renombrado como El Vicio, por la compa\u00f1\u00eda de cabaret Las Reinas Chulas, que administra el lugar y ofrece espect\u00e1culos acompa\u00f1ados de alimentos.<\/p>\n<p style=\"text-align: justify;\">&#8211; Sala Salvador Novo, espacio en donde dan clases actores y dramaturgos<\/p>\n<p style=\"text-align: justify;\">Tambi\u00e9n el edificio conserva un restaurante en su interior, contiguo a la editorial Los Textos de La Capilla, fundada en 2007 con el prop\u00f3sito de publicar autores contempor\u00e1neos mexicanos y extranjeros. Asimismo, reci\u00e9n se acaba de inaugurar un espacio, que lleva por nombre Sala Novo, en el que se ofrecen talleres al p\u00fablico en general, teniendo como maestros a los directores, actores y dramaturgos m\u00e1s reconocidos de la Ciudad de M\u00e9xico.<\/p>\n<p style=\"text-align: justify;\">Aquella nota del teatro La Capilla publicada en enero de este a\u00f1o por EL UNIVERSAL daba cuenta que este recinto entr\u00f3 en un periodo de resistencia y subsistencia, debido a que le fue retirado el apoyo gubernamental M\u00e9xico en Escena, que significa la suma de un mill\u00f3n 800 mil pesos anuales. Esto le permit\u00eda ser el \u00fanico recinto cultural que otorgaba el 100% de ingreso de taquilla a las compa\u00f1\u00edas j\u00f3venes o emergentes que pagaban de renta mil 400 pesos por ensayo, y el 70% de la taquilla a las compa\u00f1\u00edas que no pagaban renta. Esto con el fin de impulsar nuevos proyectos.<\/p>\n<p style=\"text-align: justify;\">&#8211; Hoy La Capilla es un escenario de gran prestigio<\/p>\n<p style=\"text-align: justify;\">En ese enero algunas personalidades hablaron de su paso por el espacio que dirige Los Endebles, entre ellos Adri\u00e1n V\u00e1zquez. El autor de Wenses y Lala comparti\u00f3 que toda su carrera ha estado ligada al Teatro La Capilla, incluso desde que fue estudiante en la universidad: \u201cLa primera vez que yo pis\u00e9 La Capilla como creador fue por invitaci\u00f3n de Boris, cuando todav\u00eda era estudiante de la Universidad Veracruzana. Para m\u00ed fue maravilloso que me pusiera las mismas condiciones que las que me pon\u00edan all\u00e1 en La Caja, el teatro de la universidad, cuando La Capilla s\u00ed lo ten\u00eda todo: t\u00e9cnicos, taquilla, infraestructura, y La Caja estaba abandonado (\u2026). Desde 2007 hasta la fecha no hay un a\u00f1o que yo no haya dado funci\u00f3n aqu\u00ed\u201d.<\/p>\n<p style=\"text-align: justify;\">Adri\u00e1n V\u00e1zquez continuaba: \u201cLa Capilla es un referente del teatro que se hace en el pa\u00eds, y adem\u00e1s un nido de creadores emergentes comprometidos. Tambi\u00e9n es un modelo de gesti\u00f3n para los teatros independientes, a nivel t\u00e9cnico de gesti\u00f3n y art\u00edstico\u201d, concluy\u00f3 Schoemann durante la conferencia de prensa del 19 de enero de 2016. \u201cYo quiero demostrar que La Capilla de cada peso que ha recibido ha generado tres pesos m\u00e1s, \u00bfqu\u00e9 teatro hace eso? (&#8230;) Para eso estamos los teatreros, para crear espacios de resistencia, espacios de desahogo, porque si la sociedad no tiene esos espacios, est\u00e1 cabr\u00f3n\u201d.<\/p>\n<p style=\"text-align: justify;\">\u00a0<\/p>\n<p>\u00a0<\/p>\n<p>\u00a0<\/p>\n","protected":false},"excerpt":{"rendered":"<p>Mochilazo en el tiempo<\/p>\n","protected":false},"author":93,"featured_media":0,"comment_status":"open","ping_status":"open","sticky":false,"template":"","format":"standard","meta":{"footnotes":""},"categories":[42],"tags":[],"class_list":["post-21913","post","type-post","status-publish","format-standard","hentry","category-nuestrapalabra"],"_links":{"self":[{"href":"https:\/\/plazajuarez.mx\/historico\/wp-json\/wp\/v2\/posts\/21913","targetHints":{"allow":["GET"]}}],"collection":[{"href":"https:\/\/plazajuarez.mx\/historico\/wp-json\/wp\/v2\/posts"}],"about":[{"href":"https:\/\/plazajuarez.mx\/historico\/wp-json\/wp\/v2\/types\/post"}],"author":[{"embeddable":true,"href":"https:\/\/plazajuarez.mx\/historico\/wp-json\/wp\/v2\/users\/93"}],"replies":[{"embeddable":true,"href":"https:\/\/plazajuarez.mx\/historico\/wp-json\/wp\/v2\/comments?post=21913"}],"version-history":[{"count":0,"href":"https:\/\/plazajuarez.mx\/historico\/wp-json\/wp\/v2\/posts\/21913\/revisions"}],"wp:attachment":[{"href":"https:\/\/plazajuarez.mx\/historico\/wp-json\/wp\/v2\/media?parent=21913"}],"wp:term":[{"taxonomy":"category","embeddable":true,"href":"https:\/\/plazajuarez.mx\/historico\/wp-json\/wp\/v2\/categories?post=21913"},{"taxonomy":"post_tag","embeddable":true,"href":"https:\/\/plazajuarez.mx\/historico\/wp-json\/wp\/v2\/tags?post=21913"}],"curies":[{"name":"wp","href":"https:\/\/api.w.org\/{rel}","templated":true}]}}