{"id":21912,"date":"2016-05-26T12:04:24","date_gmt":"2016-05-26T12:04:24","guid":{"rendered":"http:\/\/plazajuarez.mx\/index\/index.php\/2016\/05\/26\/les-tiembla-la-mano-contra-la-cnte\/"},"modified":"2016-05-26T12:04:24","modified_gmt":"2016-05-26T12:04:24","slug":"les-tiembla-la-mano-contra-la-cnte","status":"publish","type":"post","link":"https:\/\/plazajuarez.mx\/historico\/les-tiembla-la-mano-contra-la-cnte\/","title":{"rendered":"\u00bfLes tiembla la mano contra la CNTE?"},"content":{"rendered":"<p style=\"text-align: justify;\">\u00a0Submarino Pol\u00edtico\u00a0\u00a0\u00a0\u00a0\u00a0\u00a0\u00a0<\/p>\n<p>  <!--more-->  <\/p>\n<p style=\"text-align: justify;\">Otra vez la Ciudad de M\u00e9xico es v\u00edctima de su condici\u00f3n de capital del pa\u00eds, el conflicto magisterial llega a la noble y leal como caravana de circo con marchas y \u201cplantones\u201d que atoran al excesivo parque vehicular en las zonas de tr\u00e1nsito intenso como la de Paseo de la Reforma y Bucareli, calle por la que cruza el transporte de carga que proviene de la carretera M\u00e9xico-Quer\u00e9taro.<\/p>\n<p style=\"text-align: justify;\">La aplicaci\u00f3n de la reforma educativa es \u201cla manzana de la discordia\u201d entre el magisterio disidente y la secretar\u00eda de Educaci\u00f3n P\u00fablica o la secretar\u00eda de Gobernaci\u00f3n, esto \u00faltimo no ha quedado del todo claro. \u00bfPor qu\u00e9? Porque el conflicto magisterial va m\u00e1s all\u00e1 del asunto meramente educativo y toca las fibras de la gobernabilidad. Pero Aurelio Nu\u00f1o quiere foguearse, quiere hacer valer su condici\u00f3n de presidenciable, cuando con trabajos ha podido sortear el conflicto en las vocacionales del Poli.<\/p>\n<p style=\"text-align: justify;\">En la otra cara de la ineficacia est\u00e1 Miguel \u00c1ngel Osorio Chong, a quien se le reconoce haber atendido el anterior conflicto del IPN en \u201cmangas de camisa\u201d afuera de la mism\u00edsima Segob. Ahora, con ese lenguaje asociado a las manos, que parecen mensajes del I-Ching, Osorio Chong dijo que contra la CNTE \u201cse aplicar\u00e1 mano firme, no mano dura\u201d. Amago que puede lograr que muchos ni\u00f1os se terminen la sopa, pero con la CNTE la mano firme consiste en amurallarse tras los s\u00edmbolos del poder en la capital y evitar as\u00ed que los maestros extiendan sus tiendas de campa\u00f1a en el Z\u00f3calo, en la Plaza de la Rep\u00fablica o&#8230; \u00a1en Bucareli!, donde se instal\u00f3 la CNTE en \u201cplant\u00f3n\u201d.<\/p>\n<p style=\"text-align: justify;\">Tampoco sirvi\u00f3 la amenaza de Aurelio Nu\u00f1o: despedir a los maestros que se ausenten de las aulas por m\u00e1s de tres d\u00edas consecutivos. La renuncia a dialogar con los dirigentes tampoco ayuda en nada. El secretario de Educaci\u00f3n tendr\u00eda que replantearse la estrategia de la imposici\u00f3n que tan bien le funcion\u00f3 en la primera mitad del sexenio desde la c\u00faspide del poder desde Los Pinos.<\/p>\n<p style=\"text-align: justify;\">Los maestros que nos visitan en la capital no saben que una inmensa mayor\u00eda de los habitantes de esta progresista ciudad simpatizar\u00edan con su causa, si la conocieran. Han de saber que la dudosa calidad de las gasolinas, sumado a un p\u00e9simo manejo de la crisis ambiental por parte del gobierno de Miguel \u00c1ngel Mancera y la famosa CAMe, que no va m\u00e1s all\u00e1 de decretar contingencias, aunado al problema que representa el escaso viento que sopla en la cuenca del valle, tienen a la ciudad en jaque. Los da\u00f1os que generan las marchas hacen pagar a los habitantes un alto costo en tiempo por traslados, afectaciones en las v\u00edas respiratorias, especialmente ancianos y ni\u00f1os&#8230;<\/p>\n<p style=\"text-align: justify;\">Los da\u00f1os por las movilizaciones de la CNTE, particularmente en esta \u00e9poca del a\u00f1o, deber\u00edan atenderse con mayor determinaci\u00f3n, como definir los horarios y rutas de las marchas, as\u00ed como no permitir \u201cplantones\u201d en calles, ser\u00eda un buen comienzo de di\u00e1logo. \u00bfA qui\u00e9n le est\u00e1 temblando la mano entre Nu\u00f1o, Mancera y Osorio? El peor escenario es que le tiemble a los tres.<\/p>\n<p style=\"text-align: justify;\">Periscopio. La diputada Irma L\u00f3pez (Morena) busca la creaci\u00f3n de una comisi\u00f3n especial en la C\u00e1mara de Diputados que fiscalice las compras gubernamentales para detectar acuerdos ilegales entre proveedores y funcionarios.<\/p>\n<p style=\"text-align: justify;\">En el radar. Por primera vez en 80 a\u00f1os, una mujer es presidenta municipal en Chenalh\u00f3, Chiapas. Ella se llama Rosa P\u00e9rez P\u00e9rez y grupos opositores han buscado destituirla por su condici\u00f3n de mujer. Ayer, durante una mesa de di\u00e1logo en San Crist\u00f3bal de Las Casas fueron secuestrados por gente encapuchada el diputado presidente del Congreso de Chiapas, Eduardo Ram\u00edrez Aguilar (PV) y Carlos Penagos Vargas, coordinador parlamentario del Verde. Al cierre no se ten\u00eda noticia de su paradero.<\/p>\n<p style=\"text-align: justify;\">Bit\u00e1cora de lo absurdo. Mancera coloc\u00f3 un silbato como \u201cla cereza del pastel\u201d en el mensaje que dio ayer en referencia a la seguridad de las mujeres en espacios p\u00fablicos. La rechifla al jefe de gobierno segu\u00eda en redes sociales hasta ya entrada la noche por la falta de visi\u00f3n.<\/p>\n<p style=\"text-align: justify;\">submarinopolitico.com<\/p>\n<p style=\"text-align: justify;\">\u00a0<\/p>\n","protected":false},"excerpt":{"rendered":"<p>\u00a0Submarino Pol\u00edtico\u00a0\u00a0\u00a0\u00a0\u00a0\u00a0\u00a0<\/p>\n","protected":false},"author":93,"featured_media":0,"comment_status":"open","ping_status":"open","sticky":false,"template":"","format":"standard","meta":{"footnotes":""},"categories":[42],"tags":[],"class_list":["post-21912","post","type-post","status-publish","format-standard","hentry","category-nuestrapalabra"],"_links":{"self":[{"href":"https:\/\/plazajuarez.mx\/historico\/wp-json\/wp\/v2\/posts\/21912","targetHints":{"allow":["GET"]}}],"collection":[{"href":"https:\/\/plazajuarez.mx\/historico\/wp-json\/wp\/v2\/posts"}],"about":[{"href":"https:\/\/plazajuarez.mx\/historico\/wp-json\/wp\/v2\/types\/post"}],"author":[{"embeddable":true,"href":"https:\/\/plazajuarez.mx\/historico\/wp-json\/wp\/v2\/users\/93"}],"replies":[{"embeddable":true,"href":"https:\/\/plazajuarez.mx\/historico\/wp-json\/wp\/v2\/comments?post=21912"}],"version-history":[{"count":0,"href":"https:\/\/plazajuarez.mx\/historico\/wp-json\/wp\/v2\/posts\/21912\/revisions"}],"wp:attachment":[{"href":"https:\/\/plazajuarez.mx\/historico\/wp-json\/wp\/v2\/media?parent=21912"}],"wp:term":[{"taxonomy":"category","embeddable":true,"href":"https:\/\/plazajuarez.mx\/historico\/wp-json\/wp\/v2\/categories?post=21912"},{"taxonomy":"post_tag","embeddable":true,"href":"https:\/\/plazajuarez.mx\/historico\/wp-json\/wp\/v2\/tags?post=21912"}],"curies":[{"name":"wp","href":"https:\/\/api.w.org\/{rel}","templated":true}]}}