{"id":218859,"date":"2022-06-14T08:58:12","date_gmt":"2022-06-14T13:58:12","guid":{"rendered":"https:\/\/plazajuarez.mx\/?p=218859"},"modified":"2022-06-14T08:58:17","modified_gmt":"2022-06-14T13:58:17","slug":"posibilidades","status":"publish","type":"post","link":"https:\/\/plazajuarez.mx\/historico\/posibilidades\/","title":{"rendered":"Posibilidades"},"content":{"rendered":"\n<h2 class=\"wp-block-heading\">El Faro<\/h2>\n\n\n\n<p>Toda la antig\u00fcedad buscaba reafirmar sus conquistas acudiendo a la memoria del pasado (aletheia). Comparando lo que se hac\u00eda con lo que se hizo en los tiempos mejores pod\u00edan tener la certeza de lo adecuado de los hechos. A partir del renacimiento y de la ilustraci\u00f3n, se dej\u00f3 de voltear la mirada al pasado y se lanz\u00f3 con optimismo hacia el futuro. Naci\u00f3, as\u00ed, la noci\u00f3n de progreso.<\/p>\n\n\n\n<p>Tan fuerte es la esperanza en lo porvenir que varios autores estructuraron el sistema humano desde la capacidad de lanzarse hacia el futuro en un empe\u00f1o existencial por conquistar las posibilidades que le pertenecen. A esta estructuraci\u00f3n temporal se le identific\u00f3, aplicada al ser humano, como su condici\u00f3n \u201cfuturiza\u201d.&nbsp;<\/p>\n\n\n\n<p>Hace poco m\u00e1s de una semana se vot\u00f3 en Hidalgo por un nuevo gobernador. Sali\u00f3 electo, por primera vez en m\u00e1s de setenta a\u00f1os, alguien no perteneciente al Partido Revolucionario Institucional. El domingo pasado se le dio la constancia al candidato ganador.&nbsp;<\/p>\n\n\n\n<p>Existencialmente, para la comunidad, no solo para los individuos, se abre la puerta a un futuro de nuevos logros. Esta elecci\u00f3n puede ser el principio de nueva realidad y de conquistas por alcanzar. Hasta ahora las noticias son solamente esperanzadoras, no van m\u00e1s all\u00e1. Sin embargo, la ilusi\u00f3n de un cambio puede ayudar al propio cambio.<\/p>\n\n\n\n<p>Sin embargo, como dec\u00edamos en la columna anterior de este mismo espacio, nada se da porque s\u00ed. Si el gobernante y su equipo de trabajo no son capaces de responder a los grandes retos que el estado tiene; si los ciudadanos seguimos extendiendo la mano para ver si las migajas que caen del poder nos alcanzan, si no tenemos la inteligencia para imaginarnos mucho mejor que como somos y estamos, no habr\u00e1 servido para gran cosa.&nbsp;<\/p>\n\n\n\n<p>La toma de decisi\u00f3n no es solamente de un momento, sino que alcanza las consecuencias sostenidas que produce la decisi\u00f3n. Adem\u00e1s de esta constancia, es imprescindible el tes\u00f3n y el esfuerzo de todos para llegar a la meta. Si voto y me siento a mirar, no pasar\u00e1 nada. Si voto y espero que el gobernante me solucione la vida, no pasar\u00e1 nada. Soy imprescindible en el esfuerzo de mi propia comunidad. Es un compromiso de mi calidad de ciudadano.<\/p>\n\n\n\n<p>En otros estados de la Rep\u00fablica, con la alternancia pol\u00edtica se ha transformado la situaci\u00f3n para bien. Los pol\u00edticos se han dado cuenta de que dependen de los ciudadanos para mantenerse en el poder, no ya de los malos manejos internos de los poderes pol\u00edticos. Los ciudadanos se han dado cuenta de que tienen que comprometerse con sus propias decisiones.&nbsp;<\/p>\n\n\n\n<p>Esto es lo que tenemos enfrente. Nuevas posibilidades, mayor ilusi\u00f3n, mejor imaginaci\u00f3n, fortaleza para alcanzar metas. Si se frustra, es posible que regresemos al aletargamiento servilista en que viv\u00edmos en Hidalgo<\/p>\n","protected":false},"excerpt":{"rendered":"<p>El Faro Toda la antig\u00fcedad buscaba reafirmar sus conquistas acudiendo a la memoria del pasado (aletheia). Comparando lo que se hac\u00eda con lo que se hizo en los tiempos mejores pod\u00edan tener la certeza de lo adecuado de los hechos. A partir del renacimiento y de la ilustraci\u00f3n, se dej\u00f3 de voltear la mirada al [&hellip;]<\/p>\n","protected":false},"author":98,"featured_media":208524,"comment_status":"closed","ping_status":"closed","sticky":false,"template":"","format":"standard","meta":{"footnotes":""},"categories":[1006,42],"tags":[],"class_list":["post-218859","post","type-post","status-publish","format-standard","has-post-thumbnail","hentry","category-dr-jesus-ignacio-panedas-galindo","category-nuestrapalabra"],"_links":{"self":[{"href":"https:\/\/plazajuarez.mx\/historico\/wp-json\/wp\/v2\/posts\/218859","targetHints":{"allow":["GET"]}}],"collection":[{"href":"https:\/\/plazajuarez.mx\/historico\/wp-json\/wp\/v2\/posts"}],"about":[{"href":"https:\/\/plazajuarez.mx\/historico\/wp-json\/wp\/v2\/types\/post"}],"author":[{"embeddable":true,"href":"https:\/\/plazajuarez.mx\/historico\/wp-json\/wp\/v2\/users\/98"}],"replies":[{"embeddable":true,"href":"https:\/\/plazajuarez.mx\/historico\/wp-json\/wp\/v2\/comments?post=218859"}],"version-history":[{"count":0,"href":"https:\/\/plazajuarez.mx\/historico\/wp-json\/wp\/v2\/posts\/218859\/revisions"}],"wp:featuredmedia":[{"embeddable":true,"href":"https:\/\/plazajuarez.mx\/historico\/wp-json\/wp\/v2\/media\/208524"}],"wp:attachment":[{"href":"https:\/\/plazajuarez.mx\/historico\/wp-json\/wp\/v2\/media?parent=218859"}],"wp:term":[{"taxonomy":"category","embeddable":true,"href":"https:\/\/plazajuarez.mx\/historico\/wp-json\/wp\/v2\/categories?post=218859"},{"taxonomy":"post_tag","embeddable":true,"href":"https:\/\/plazajuarez.mx\/historico\/wp-json\/wp\/v2\/tags?post=218859"}],"curies":[{"name":"wp","href":"https:\/\/api.w.org\/{rel}","templated":true}]}}