{"id":218855,"date":"2022-06-14T08:56:59","date_gmt":"2022-06-14T13:56:59","guid":{"rendered":"https:\/\/plazajuarez.mx\/?p=218855"},"modified":"2022-06-14T08:57:05","modified_gmt":"2022-06-14T13:57:05","slug":"invitan-a-defensa-de-mujeres-y-personas-indigenas-en-reclusion","status":"publish","type":"post","link":"https:\/\/plazajuarez.mx\/historico\/invitan-a-defensa-de-mujeres-y-personas-indigenas-en-reclusion\/","title":{"rendered":"INVITAN A DEFENSA DE MUJERES Y PERSONAS IND\u00cdGENAS EN RECLUSI\u00d3N\u00a0"},"content":{"rendered":"\n<p>La diputada \u00c9rika Rodr\u00edguez Hern\u00e1ndez, integrante del grupo legislativo del PRI present\u00f3 un exhorto a la Suprema Corte de Justicia de la Naci\u00f3n (SCJN) en materia de defensa a personas ind\u00edgenas reclusas por asuntos de \u00edndole local.<\/p>\n\n\n\n<p>De acuerdo con Rodr\u00edguez Hern\u00e1ndez, es el primer exhorto a la SCJN en la historia del Congreso hidalguense, dirigido al Ministro Presidente en su calidad de Presidente del Consejo de la Judicatura Federal, para que considere la viabilidad de incorporar al Estado de Hidalgo en la implementaci\u00f3n del programa piloto para que defensoras y defensores p\u00fablicos federales puedan acudir en auxilio de mujeres y personas ind\u00edgenas en reclusi\u00f3n, en asuntos de \u00edndole local.<\/p>\n\n\n\n<p>A nivel nacional, inform\u00f3, \u201cHidalgo cuenta con el 12.3% de la poblaci\u00f3n ind\u00edgena total del pa\u00eds, coloc\u00e1ndose en el quinto lugar con mayor \u00edndice de personas pertenecientes a los pueblos originarios, tan solo por debajo de los estados de Oaxaca, Chiapas, Yucat\u00e1n y Guerrero\u201d.<\/p>\n\n\n\n<p>En materia penitenciaria, precis\u00f3, \u201ccon informaci\u00f3n del Cuaderno Mensual de Informaci\u00f3n Estad\u00edstica Penitenciaria Nacional del mes de abril de 2022, el Estado de Hidalgo cuenta con una poblaci\u00f3n privada de la libertad de 4 mil 704 personas, ubic\u00e1ndose en el lugar d\u00e9cimo tercero a nivel nacional en cuanto a poblaci\u00f3n interna en sus 12 Centros de Reinserci\u00f3n Social y 3 c\u00e1rceles distritales\u201d.<\/p>\n","protected":false},"excerpt":{"rendered":"<p>La diputada \u00c9rika Rodr\u00edguez Hern\u00e1ndez, integrante del grupo legislativo del PRI present\u00f3 un exhorto a la Suprema Corte de Justicia de la Naci\u00f3n (SCJN) en materia de defensa a personas ind\u00edgenas reclusas por asuntos de \u00edndole local. De acuerdo con Rodr\u00edguez Hern\u00e1ndez, es el primer exhorto a la SCJN en la historia del Congreso hidalguense, [&hellip;]<\/p>\n","protected":false},"author":93,"featured_media":218856,"comment_status":"closed","ping_status":"closed","sticky":false,"template":"","format":"standard","meta":{"footnotes":""},"categories":[59,2159],"tags":[],"class_list":["post-218855","post","type-post","status-publish","format-standard","has-post-thumbnail","hentry","category-general","category-noticias-de-hidalgo"],"_links":{"self":[{"href":"https:\/\/plazajuarez.mx\/historico\/wp-json\/wp\/v2\/posts\/218855","targetHints":{"allow":["GET"]}}],"collection":[{"href":"https:\/\/plazajuarez.mx\/historico\/wp-json\/wp\/v2\/posts"}],"about":[{"href":"https:\/\/plazajuarez.mx\/historico\/wp-json\/wp\/v2\/types\/post"}],"author":[{"embeddable":true,"href":"https:\/\/plazajuarez.mx\/historico\/wp-json\/wp\/v2\/users\/93"}],"replies":[{"embeddable":true,"href":"https:\/\/plazajuarez.mx\/historico\/wp-json\/wp\/v2\/comments?post=218855"}],"version-history":[{"count":0,"href":"https:\/\/plazajuarez.mx\/historico\/wp-json\/wp\/v2\/posts\/218855\/revisions"}],"wp:featuredmedia":[{"embeddable":true,"href":"https:\/\/plazajuarez.mx\/historico\/wp-json\/wp\/v2\/media\/218856"}],"wp:attachment":[{"href":"https:\/\/plazajuarez.mx\/historico\/wp-json\/wp\/v2\/media?parent=218855"}],"wp:term":[{"taxonomy":"category","embeddable":true,"href":"https:\/\/plazajuarez.mx\/historico\/wp-json\/wp\/v2\/categories?post=218855"},{"taxonomy":"post_tag","embeddable":true,"href":"https:\/\/plazajuarez.mx\/historico\/wp-json\/wp\/v2\/tags?post=218855"}],"curies":[{"name":"wp","href":"https:\/\/api.w.org\/{rel}","templated":true}]}}