{"id":218826,"date":"2022-06-14T08:44:33","date_gmt":"2022-06-14T13:44:33","guid":{"rendered":"https:\/\/plazajuarez.mx\/?p=218826"},"modified":"2022-06-14T08:44:41","modified_gmt":"2022-06-14T13:44:41","slug":"que-indigenas-no-sean-las-mas-violentadas-de-las-violentadas","status":"publish","type":"post","link":"https:\/\/plazajuarez.mx\/historico\/que-indigenas-no-sean-las-mas-violentadas-de-las-violentadas\/","title":{"rendered":"Que ind\u00edgenas no sean \u201clas m\u00e1s violentadas de las violentadas\u201d"},"content":{"rendered":"\n<p>La Diputada Roc\u00edo Sosa Jim\u00e9nez, integrante del grupo legislativo del PRI en el Congreso del estado, present\u00f3 una iniciativa que reforma la Ley de acceso a las mujeres a una vida libre de violencia, en materia de derechos de las mujeres ind\u00edgenas.<\/p>\n\n\n\n<p>De acuerdo con Sosa Jim\u00e9nez, esta iniciativa busca garantizar a las mujeres ind\u00edgenas contar con personal adecuado de acuerdo a su cultura.<\/p>\n\n\n\n<p>La diputada priista explic\u00f3 que \u201ces un derecho, como lo es contar con un int\u00e9rprete de su lengua originaria y personal capacitado de acuerdo a su cultura, as\u00ed lo establece la ley general de acceso de las mujeres a una vida libre de violencia\u201d.<\/p>\n\n\n\n<p>Sosa Jim\u00e9nez se\u00f1al\u00f3 que \u201choy es indispensable abordar la problem\u00e1tica de la violencia de g\u00e9nero en entornos culturalmente diferenciados desde un enfoque interseccional de derechos humanos, interculturalidad y perspectiva de g\u00e9nero\u201d.&nbsp;<\/p>\n\n\n\n<p>El punto de partida es, a\u00f1adi\u00f3, \u201cque el fen\u00f3meno de la violencia contra mujeres ind\u00edgenas se produce en un sistema de m\u00faltiples estructuras de opresi\u00f3n que se traslapan y operan simult\u00e1neamente, potenciando las desventajas, exclusiones y desigualdades de las mujeres ind\u00edgenas, hasta convertirlas en \u201clas m\u00e1s violentadas entre las violentadas\u201d, precis\u00f3.<\/p>\n\n\n\n<p>Por lo anterior, inform\u00f3 Sosa Jim\u00e9nez, \u201cen el GLPRI proponemos esta reforma en la que las mujeres ind\u00edgenas ser\u00e1n asistidas gratuitamente en todo tiempo por int\u00e9rpretes y defensores de oficio que tengan conocimiento de su lengua y cultura\u201d, finaliz\u00f3.<\/p>\n","protected":false},"excerpt":{"rendered":"<p>La Diputada Roc\u00edo Sosa Jim\u00e9nez, integrante del grupo legislativo del PRI en el Congreso del estado, present\u00f3 una iniciativa que reforma la Ley de acceso a las mujeres a una vida libre de violencia, en materia de derechos de las mujeres ind\u00edgenas. De acuerdo con Sosa Jim\u00e9nez, esta iniciativa busca garantizar a las mujeres ind\u00edgenas [&hellip;]<\/p>\n","protected":false},"author":93,"featured_media":218827,"comment_status":"closed","ping_status":"closed","sticky":false,"template":"","format":"standard","meta":{"footnotes":""},"categories":[59,2159],"tags":[],"class_list":["post-218826","post","type-post","status-publish","format-standard","has-post-thumbnail","hentry","category-general","category-noticias-de-hidalgo"],"_links":{"self":[{"href":"https:\/\/plazajuarez.mx\/historico\/wp-json\/wp\/v2\/posts\/218826","targetHints":{"allow":["GET"]}}],"collection":[{"href":"https:\/\/plazajuarez.mx\/historico\/wp-json\/wp\/v2\/posts"}],"about":[{"href":"https:\/\/plazajuarez.mx\/historico\/wp-json\/wp\/v2\/types\/post"}],"author":[{"embeddable":true,"href":"https:\/\/plazajuarez.mx\/historico\/wp-json\/wp\/v2\/users\/93"}],"replies":[{"embeddable":true,"href":"https:\/\/plazajuarez.mx\/historico\/wp-json\/wp\/v2\/comments?post=218826"}],"version-history":[{"count":0,"href":"https:\/\/plazajuarez.mx\/historico\/wp-json\/wp\/v2\/posts\/218826\/revisions"}],"wp:featuredmedia":[{"embeddable":true,"href":"https:\/\/plazajuarez.mx\/historico\/wp-json\/wp\/v2\/media\/218827"}],"wp:attachment":[{"href":"https:\/\/plazajuarez.mx\/historico\/wp-json\/wp\/v2\/media?parent=218826"}],"wp:term":[{"taxonomy":"category","embeddable":true,"href":"https:\/\/plazajuarez.mx\/historico\/wp-json\/wp\/v2\/categories?post=218826"},{"taxonomy":"post_tag","embeddable":true,"href":"https:\/\/plazajuarez.mx\/historico\/wp-json\/wp\/v2\/tags?post=218826"}],"curies":[{"name":"wp","href":"https:\/\/api.w.org\/{rel}","templated":true}]}}