{"id":218823,"date":"2022-06-14T08:42:42","date_gmt":"2022-06-14T13:42:42","guid":{"rendered":"https:\/\/plazajuarez.mx\/?p=218823"},"modified":"2022-06-14T08:42:48","modified_gmt":"2022-06-14T13:42:48","slug":"quien-a-gobernacion-a-seguridad-y-quien-a-finanzas-con-menchaca","status":"publish","type":"post","link":"https:\/\/plazajuarez.mx\/historico\/quien-a-gobernacion-a-seguridad-y-quien-a-finanzas-con-menchaca\/","title":{"rendered":"\u00bfQUI\u00c9N A GOBERNACI\u00d3N&#8230;A SEGURIDAD Y QUI\u00c9N A FINANZAS CON MENCHACA?"},"content":{"rendered":"\n<h2 class=\"wp-block-heading\"><strong>ALFIL NEGRO<\/strong><\/h2>\n\n\n\n<p>El gobernador electo Julio Menchaca, hasta donde se sabe, trabaja para definir quienes lo acompa\u00f1ar\u00e1n en su gobierno como funcionarios en los distintos renglones que tiene la administraci\u00f3n p\u00fablica, y aunque como siempre sucede, hay quienes ya se promueven para los cargos es evidente que los nombres de los nuevos secretarios se sabr\u00e1n de voz del propio Menchaca que as\u00ed lo ha advertido, para dejar claro que no es cuesti\u00f3n de adivinos y lectura de cartas lo que vale ,sino el an\u00e1lisis de prospectos que tengan la capacidad y las virtudes morales para ocupar cargos en su gobierno.<\/p>\n\n\n\n<p>Y aunque todos los encargos son importantes, parece claro que hay responsabilidades que se constituyen, bajo la gu\u00eda del gobernador, en la espina dorsal de la administraci\u00f3n por los temas que les toca atender.<\/p>\n\n\n\n<p>Desde esta perspectiva se deben considerar bases : LA SECRETAR\u00cdA DE GOBIERNO, SECRETAR\u00cdA DE SEGURIDAD P\u00daBLICA Y LA SECRETAR\u00cdA DE FINANZAS.<\/p>\n\n\n\n<p>Y es aqu\u00ed donde surge la pregunta \u00bfY QUI\u00c9N A LA SECRETAR\u00cdA DE GOBIERNO?<\/p>\n\n\n\n<p>No debe ser f\u00e1cil elegir a un buen titular de esta dependencia ,porque tiene como misi\u00f3n la preservaci\u00f3n de la paz p\u00fablica y el desarrollo de las actividades pol\u00edticas y conducir las relaciones del poder Ejecutivo en lo que se refiere a la pol\u00edtica interior as\u00ed como consolidar la vinculaci\u00f3n del Ejecutivo con los otros poderes legislativo y judicial.<\/p>\n\n\n\n<p>No es poca cosa la responsabilidad de esta Secretar\u00eda, pues de su correcta conducci\u00f3n depende mucho la gobernabilidad, la paz p\u00fablica y el trabajo serio y solidario de los tres poderes entre otros encargos.<\/p>\n\n\n\n<p><strong>\u00bfQUI\u00c9N?<\/strong><\/p>\n\n\n\n<p>Son muchos los que levantan la mano para ese cargo, pero es evidente que s\u00f3lo uno ser\u00e1 el elegido y por lo que se ve, parece que ya hay un elegido que ser\u00e1 Secretario de Gobierno, porque con hechos y acciones demostr\u00f3 tama\u00f1os para ese puesto.<\/p>\n\n\n\n<p><strong>SEGURIDAD P\u00daBLICA<\/strong><\/p>\n\n\n\n<p>Es una de las dependencias fuertes por cuanto debe preservar y proteger el orden<\/p>\n\n\n\n<p>P\u00fablico, as\u00ed como la integridad de la poblaci\u00f3n con acciones preventivas y ejecutivas cuando as\u00ed se requiera.<\/p>\n\n\n\n<p>El pa\u00eds vive momentos muy delicados en cuesti\u00f3n de seguridad y nuestro estado no est\u00e1 libre de este mal.<\/p>\n\n\n\n<p>Hidalgo no es un estado violento, pero hay inicios de este clima que se deben frenar para tranquilidad de la ciudadan\u00eda.<\/p>\n\n\n\n<p><strong>\u00bfQUI\u00c9N?<\/strong><\/p>\n\n\n\n<p>Para este cargo no se ha dicho o se\u00f1alado a alguna persona, pero debe ser una decisi\u00f3n bien pensada, porque la tranquilidad de las familias y en general del estado es un valor sin el cual no se puede echar a cambiar proyectos con \u00e9xito.<\/p>\n\n\n\n<p><strong>FINANZAS<\/strong><\/p>\n\n\n\n<p>Es una dependencia que requiere capacidad acad\u00e9mica, porque su responsabilidad comprende el manejo de las pol\u00edticas de ingresos, egresos, administraci\u00f3n tributaria as\u00ed como la programaci\u00f3n y evaluaci\u00f3n del gasto p\u00fablico entre otras cosas.<\/p>\n\n\n\n<p>Es un puesto delicado que requiere un manejo inteligente y responsable.<\/p>\n\n\n\n<p>\u00bf<strong>QUI\u00c9N<\/strong>?<\/p>\n\n\n\n<p>Tampoco se tiene hasta el momento certeza de quien pudiera ser.<\/p>\n\n\n\n<p><strong>NI RECOMENDADOS NI PAGOS DE FACTURAS<\/strong><\/p>\n\n\n\n<p>Lo que ha dicho el gobernador electo es que sus colaboradores no ser\u00e1n pagos de facturas y menos resultado de recomendaciones, sino los mejores para los cargos por preparaci\u00f3n y honestidad.<\/p>\n\n\n\n<p>Y hace bien, porque es urgente que esos cargos los ocupen los mejores en preparaci\u00f3n y honestidad.<\/p>\n","protected":false},"excerpt":{"rendered":"<p>ALFIL NEGRO El gobernador electo Julio Menchaca, hasta donde se sabe, trabaja para definir quienes lo acompa\u00f1ar\u00e1n en su gobierno como funcionarios en los distintos renglones que tiene la administraci\u00f3n p\u00fablica, y aunque como siempre sucede, hay quienes ya se promueven para los cargos es evidente que los nombres de los nuevos secretarios se sabr\u00e1n [&hellip;]<\/p>\n","protected":false},"author":83,"featured_media":208526,"comment_status":"closed","ping_status":"closed","sticky":false,"template":"","format":"standard","meta":{"footnotes":""},"categories":[48,42],"tags":[],"class_list":["post-218823","post","type-post","status-publish","format-standard","has-post-thumbnail","hentry","category-adalberto-peralta","category-nuestrapalabra"],"_links":{"self":[{"href":"https:\/\/plazajuarez.mx\/historico\/wp-json\/wp\/v2\/posts\/218823","targetHints":{"allow":["GET"]}}],"collection":[{"href":"https:\/\/plazajuarez.mx\/historico\/wp-json\/wp\/v2\/posts"}],"about":[{"href":"https:\/\/plazajuarez.mx\/historico\/wp-json\/wp\/v2\/types\/post"}],"author":[{"embeddable":true,"href":"https:\/\/plazajuarez.mx\/historico\/wp-json\/wp\/v2\/users\/83"}],"replies":[{"embeddable":true,"href":"https:\/\/plazajuarez.mx\/historico\/wp-json\/wp\/v2\/comments?post=218823"}],"version-history":[{"count":0,"href":"https:\/\/plazajuarez.mx\/historico\/wp-json\/wp\/v2\/posts\/218823\/revisions"}],"wp:featuredmedia":[{"embeddable":true,"href":"https:\/\/plazajuarez.mx\/historico\/wp-json\/wp\/v2\/media\/208526"}],"wp:attachment":[{"href":"https:\/\/plazajuarez.mx\/historico\/wp-json\/wp\/v2\/media?parent=218823"}],"wp:term":[{"taxonomy":"category","embeddable":true,"href":"https:\/\/plazajuarez.mx\/historico\/wp-json\/wp\/v2\/categories?post=218823"},{"taxonomy":"post_tag","embeddable":true,"href":"https:\/\/plazajuarez.mx\/historico\/wp-json\/wp\/v2\/tags?post=218823"}],"curies":[{"name":"wp","href":"https:\/\/api.w.org\/{rel}","templated":true}]}}