{"id":218819,"date":"2022-06-14T08:40:24","date_gmt":"2022-06-14T13:40:24","guid":{"rendered":"https:\/\/plazajuarez.mx\/?p=218819"},"modified":"2022-06-14T08:40:30","modified_gmt":"2022-06-14T13:40:30","slug":"el-comercio-de-mexico-con-china-crecio-mas-de-22","status":"publish","type":"post","link":"https:\/\/plazajuarez.mx\/historico\/el-comercio-de-mexico-con-china-crecio-mas-de-22\/","title":{"rendered":"El comercio de M\u00e9xico con\u00a0China creci\u00f3 m\u00e1s de 22%"},"content":{"rendered":"\n<p>La relaci\u00f3n comercial entre M\u00e9xico y China se increment\u00f3 en m\u00e1s de 22% de 2019 a 2021 con una balanza comercial que alcanz\u00f3 los 110,000 millones de d\u00f3lares ante un mayor inter\u00e9s del gigante asi\u00e1tico en el mercado mexicano, seg\u00fan expuso este lunes la C\u00e1mara de Comercio de China en M\u00e9xico.<\/p>\n\n\n\n<p>En el marco del 50 aniversario del restablecimiento de las relaciones diplom\u00e1ticas entre ambas naciones, Amapola Grijalva y Graciela Narcia, presidenta y directora general \u2013respectivamente\u2013 de dicha c\u00e1mara comercial hablaron de la Feria Expo China Home Life, que se celebrar\u00e1 del 14 al 16 de junio de 2022 en el World Trade Center (WTC) de Ciudad de M\u00e9xico.<\/p>\n\n\n\n<p>Narcia expuso que el flujo comercial entre ambos pa\u00edses alcanz\u00f3 los 110,303 millones de d\u00f3lares en 2021, cifra 22% superior a 2019, el a\u00f1o previo a la pandemia de covid-19, cuando represent\u00f3 90,000 millones de d\u00f3lares.<\/p>\n\n\n\n<p>Agreg\u00f3 que este a\u00f1o el intercambio ha sido de 32,000 millones de d\u00f3lares en el periodo enero-marzo de 2022, por lo que se prev\u00e9 un mayor comercio que en 2021.<\/p>\n\n\n\n<p>Asimismo, expuso, la relaci\u00f3n es de 10 a 1, \u201ces decir, por cada 10 d\u00f3lares de intercambio comercial, 9 d\u00f3lares son exportaciones chinas a M\u00e9xico\u201d, dijo Narcia.<\/p>\n\n\n\n<p>En tanto, Grijalva destac\u00f3 que la coyuntura comercial global y la relocalizaci\u00f3n de las actividades de manufactura en Norteam\u00e9rica son una oportunidad \u00fanica para M\u00e9xico para ampliar el comercio con China.<\/p>\n","protected":false},"excerpt":{"rendered":"<p>La relaci\u00f3n comercial entre M\u00e9xico y China se increment\u00f3 en m\u00e1s de 22% de 2019 a 2021 con una balanza comercial que alcanz\u00f3 los 110,000 millones de d\u00f3lares ante un mayor inter\u00e9s del gigante asi\u00e1tico en el mercado mexicano, seg\u00fan expuso este lunes la C\u00e1mara de Comercio de China en M\u00e9xico. En el marco del [&hellip;]<\/p>\n","protected":false},"author":80,"featured_media":218820,"comment_status":"closed","ping_status":"closed","sticky":false,"template":"","format":"standard","meta":{"footnotes":""},"categories":[15,36],"tags":[],"class_list":["post-218819","post","type-post","status-publish","format-standard","has-post-thumbnail","hentry","category-destacadas","category-nacion"],"_links":{"self":[{"href":"https:\/\/plazajuarez.mx\/historico\/wp-json\/wp\/v2\/posts\/218819","targetHints":{"allow":["GET"]}}],"collection":[{"href":"https:\/\/plazajuarez.mx\/historico\/wp-json\/wp\/v2\/posts"}],"about":[{"href":"https:\/\/plazajuarez.mx\/historico\/wp-json\/wp\/v2\/types\/post"}],"author":[{"embeddable":true,"href":"https:\/\/plazajuarez.mx\/historico\/wp-json\/wp\/v2\/users\/80"}],"replies":[{"embeddable":true,"href":"https:\/\/plazajuarez.mx\/historico\/wp-json\/wp\/v2\/comments?post=218819"}],"version-history":[{"count":0,"href":"https:\/\/plazajuarez.mx\/historico\/wp-json\/wp\/v2\/posts\/218819\/revisions"}],"wp:featuredmedia":[{"embeddable":true,"href":"https:\/\/plazajuarez.mx\/historico\/wp-json\/wp\/v2\/media\/218820"}],"wp:attachment":[{"href":"https:\/\/plazajuarez.mx\/historico\/wp-json\/wp\/v2\/media?parent=218819"}],"wp:term":[{"taxonomy":"category","embeddable":true,"href":"https:\/\/plazajuarez.mx\/historico\/wp-json\/wp\/v2\/categories?post=218819"},{"taxonomy":"post_tag","embeddable":true,"href":"https:\/\/plazajuarez.mx\/historico\/wp-json\/wp\/v2\/tags?post=218819"}],"curies":[{"name":"wp","href":"https:\/\/api.w.org\/{rel}","templated":true}]}}