{"id":21880,"date":"2016-05-26T11:52:17","date_gmt":"2016-05-26T11:52:17","guid":{"rendered":"http:\/\/plazajuarez.mx\/index\/index.php\/2016\/05\/26\/denuncian-negligencia-en-la-clinica-imss-de-metepec\/"},"modified":"2016-05-26T11:52:17","modified_gmt":"2016-05-26T11:52:17","slug":"denuncian-negligencia-en-la-clinica-imss-de-metepec","status":"publish","type":"post","link":"https:\/\/plazajuarez.mx\/historico\/denuncian-negligencia-en-la-clinica-imss-de-metepec\/","title":{"rendered":"DENUNCIAN NEGLIGENCIA EN  LA CL\u00cdNICA IMSS DE METEPEC"},"content":{"rendered":"<p>Y FALTA DE ESPECIALISTAS<\/p>\n<p>  <!--more-->  <\/p>\n<p style=\"text-align: justify;\">La tarde de ayer lleg\u00f3 a esta redacci\u00f3n una denuncia que realiza Fulgencio Vargas Vargas, mismo que presuntamente fue testigo presencial de la falta de atenci\u00f3n que se dio a una mujer embarazada en la cl\u00ednica IMSS de Metepec, lo que gener\u00f3 la p\u00e9rdida del producto de la joven de apariencia ind\u00edgena, por ello y respondiendo a la libre expresi\u00f3n de la ciudadan\u00eda en general, publicamos de manera textual la protesta que se realiza y algunos cuestionamientos de los que el inconforme desear\u00eda tener una respuesta.<\/p>\n<p style=\"text-align: justify;\">El documento entregado a esta redacci\u00f3n que engloba diversos aspectos sobre el tema, inicialmente refiere lo siguiente: Lejos estamos de garantizar el derecho a la salud en el estado de Hidalgo y m\u00e1s en las zonas alejadas de las grandes ciudades, y a\u00fan m\u00e1s dif\u00edcil si no se cuenta con los recursos b\u00e1sicos tanto econ\u00f3micos como de conocimiento en la materia, es incre\u00edble para muchos de nosotros que en pleno siglo XXI, cuando las telecomunicaciones y el manejo de la informaci\u00f3n viaja en segundos, a todo el mundo, en las cl\u00ednicas y hospitales aun tengamos carencias de personal y de recursos para dar atenci\u00f3n a los ciudadanos y ciudadanas.<\/p>\n<p style=\"text-align: justify;\">Pero este problema se vuelva a\u00fan m\u00e1s dif\u00edcil cuando quienes acuden a solicitar alg\u00fan servicio de atenci\u00f3n medica son\u00a0 mujeres embarazadas. El pasado domingo 22 de mayo, con una gestaci\u00f3n de 6 semanas llego hasta la cl\u00ednica del IMSS PROSPERA en Metepec una persona con aparente amenaza de aborto, debido a la ubicaci\u00f3n de la cl\u00ednica se acerc\u00f3 a buscar atenci\u00f3n m\u00e9dica.<\/p>\n<p style=\"text-align: justify;\">Sin embargo al llegar a la misma se le recrimino \u00e9l porque hab\u00eda acudido en domingo si ten\u00eda la obligaci\u00f3n de saber qu\u00e9 s\u00e1bado y domingo no existen especialistas en dicho espacio(ginec\u00f3logos y anestesi\u00f3logos) y as\u00ed mismo se le hizo saber que como era originaria de Acaxochitl\u00e1n, se le negar\u00eda el servicio, aun con los reclamos se intern\u00f3 a la paciente, sin embargo lo \u00fanico que le suministraron fue un medicamento v\u00eda rectal, las \u201cPresuntas\u201d doctoras en turno se negaron a darle atenci\u00f3n medica argumentando que no quer\u00edan que las demandaran por negligencia si \u00e9l bebe se perd\u00eda.<\/p>\n<p style=\"text-align: justify;\">Despu\u00e9s de media hora de haber internado a la persona embarazada, recriminaron a la paciente por que llevaba las u\u00f1as de las manos pintadas con barniz y largas y obligaron a que estas fueran despintadas por el acompa\u00f1ante de la misma.<\/p>\n<p style=\"text-align: justify;\">En este lapso de tiempo la paciente perdi\u00f3 al bebe de 6 semanas, sin que ninguna de las \u201cdoctoras\u201d hicieran el m\u00ednimo esfuerzo por hacer algo, dejando a su suerte a la paciente.<\/p>\n<p style=\"text-align: justify;\">Al mismo tiempo explicaron al acompa\u00f1ante que no pod\u00edan hacerse cargo de la afligida madre por que no contaban con los recursos humanos y t\u00e9cnicos para dar atenci\u00f3n y realizar un legrado, por lo que pidieron se procediera a realizar un alta voluntaria argumentando que ni en el Hospital de Tulancingo ni en Pachuca ten\u00edan espacio ni las condiciones para darle la atenci\u00f3n y se negaron a trasladar a la paciente a alguna otra unidad.<\/p>\n<p style=\"text-align: justify;\">Al proceder a realizar el \u201calta voluntaria\u201d entregaron un documento donde se\u00a0 omiti\u00f3 el nombre de la doctora en turno.<\/p>\n<p style=\"text-align: justify;\">Las interrogantes entonces surgen: siendo una cl\u00ednica de atenci\u00f3n para mujeres embarazadas \u00bfporque no se cuenta con los recursos m\u00ednimos para atender una emergencia?, \u00bfporque no existen protocolos b\u00e1sicos para atender una amanezca de aborto?, \u00bflas \u201cdoctoras\u201d que est\u00e1n a cargo no est\u00e1n capacitadas para dar atenci\u00f3n b\u00e1sica en estos casos?, \u00bfuna mujer embarazada no puede pintarse las u\u00f1as y traerlas largas en las primeras semana de gestaci\u00f3n?, \u00bfno existe personal capacitado \u201cenfermeras\u201d para atender en lo m\u00e1s m\u00ednimo por car\u00e1cter humanitario a una persona que est\u00e1 perdiendo a su bebe?, \u00bfqu\u00e9 pasa con la consigna y obligaci\u00f3n de las unidades de salud que deben dar atenci\u00f3n a cualquier embarazada sin importar cu\u00e1l es su afiliaci\u00f3n o referencia de salud en caso de una emergencia obst\u00e9trica?, \u00bfporque a la gente de Acaxochitl\u00e1n no se le puede atender en dicho espacio? Despu\u00e9s de reflexionar un poco me pregunto si eso solo me pasa a mi o a todo el mundo, y hoy me entero que hay casos peores, personas que son discriminadas no solo por ser de Acaxochitl\u00e1n o por traer las u\u00f1as de las manos pintadas, sino tambi\u00e9n por hablar una lengua o por no tener las posibilidades econ\u00f3micas de las personas que ah\u00ed atienden en esas cl\u00ednicas donde en horas y d\u00edas h\u00e1biles no se puede hacer nada.<\/p>\n<p>Sabemos que los especialistas cobran y cobran caro, por algo se han especializado, y entonces si la secretaria de salud no tiene los recursos para pagar al menos un especialista con las necesidades de cada unidad de salud, regional, municipal o estatal debe procurar m\u00e1s recursos.<\/p>\n<p>Hoy he escuchado de mejorar los espacios de salud y me pregunto \u00bfC\u00f3mo se va a lograr?<\/p>\n<p>Buscando una respuesta encuentro discursos huecos que suenan a utop\u00eda \u201cTodas las mujeres tienen derecho a que, en cualquier pa\u00eds del mundo, los gobernantes garanticen una maternidad sin riesgo. Esta garant\u00eda se ha de traducir en asignaciones presupuestarias en los pa\u00edses en v\u00edas de desarrollo y, en el caso de los pa\u00edses desarrollados, en priorizar la maternidad sin riesgo dentro de sus programas de cooperaci\u00f3n. Las embarazadas inmigrantes tienen derecho a ser atendidas en igualdad de condiciones que las del pa\u00eds de recepci\u00f3n o asilo\u201d.<\/p>\n<p>\u201cToda mujer tiene derecho a que el embarazo no suponga un alto riesgo para la salud. Los servicios sanitarios de atenci\u00f3n al embarazo deben ser de calidad y tener los recursos necesarios para una correcta atenci\u00f3n\u201d.<\/p>\n<p>\u201cLos ministerios de Sanidad deben establecer normas bien definidas acerca de la tecnolog\u00eda apropiada para un parto seguro para la madre y el reci\u00e9n nacido. Los pa\u00edses deben trabajar conjuntamente en la investigaci\u00f3n para evaluar las diferentes tecnolog\u00edas en la atenci\u00f3n al parto\u201d.<\/p>\n<p>Finalmente se detalla que \u201cTodo esto deber\u00eda ser\u00e1 realidad, pero en nuestro municipio, es fantas\u00eda\u201d.<\/p>\n<p>Para cualquier informaci\u00f3n al respecto el denunciante Fulgencio Vargas Vargas, proporcion\u00f3 sus n\u00fameros telef\u00f3nicos tanto m\u00f3vil como est\u00e1tico 771 135 60 51 y 775 114 26 82<\/p>\n","protected":false},"excerpt":{"rendered":"<p>Y FALTA DE ESPECIALISTAS<\/p>\n","protected":false},"author":93,"featured_media":0,"comment_status":"open","ping_status":"open","sticky":false,"template":"","format":"standard","meta":{"footnotes":""},"categories":[37],"tags":[],"class_list":["post-21880","post","type-post","status-publish","format-standard","hentry","category-barandilla"],"_links":{"self":[{"href":"https:\/\/plazajuarez.mx\/historico\/wp-json\/wp\/v2\/posts\/21880","targetHints":{"allow":["GET"]}}],"collection":[{"href":"https:\/\/plazajuarez.mx\/historico\/wp-json\/wp\/v2\/posts"}],"about":[{"href":"https:\/\/plazajuarez.mx\/historico\/wp-json\/wp\/v2\/types\/post"}],"author":[{"embeddable":true,"href":"https:\/\/plazajuarez.mx\/historico\/wp-json\/wp\/v2\/users\/93"}],"replies":[{"embeddable":true,"href":"https:\/\/plazajuarez.mx\/historico\/wp-json\/wp\/v2\/comments?post=21880"}],"version-history":[{"count":0,"href":"https:\/\/plazajuarez.mx\/historico\/wp-json\/wp\/v2\/posts\/21880\/revisions"}],"wp:attachment":[{"href":"https:\/\/plazajuarez.mx\/historico\/wp-json\/wp\/v2\/media?parent=21880"}],"wp:term":[{"taxonomy":"category","embeddable":true,"href":"https:\/\/plazajuarez.mx\/historico\/wp-json\/wp\/v2\/categories?post=21880"},{"taxonomy":"post_tag","embeddable":true,"href":"https:\/\/plazajuarez.mx\/historico\/wp-json\/wp\/v2\/tags?post=21880"}],"curies":[{"name":"wp","href":"https:\/\/api.w.org\/{rel}","templated":true}]}}