{"id":218526,"date":"2022-06-10T14:28:12","date_gmt":"2022-06-10T19:28:12","guid":{"rendered":"https:\/\/plazajuarez.mx\/?p=218526"},"modified":"2022-06-10T14:28:20","modified_gmt":"2022-06-10T19:28:20","slug":"descartan-bloqueos-de-transportistas-ante-aumento-de-1-peso-en-tarifa","status":"publish","type":"post","link":"https:\/\/plazajuarez.mx\/historico\/descartan-bloqueos-de-transportistas-ante-aumento-de-1-peso-en-tarifa\/","title":{"rendered":"Descartan bloqueos de transportistas ante aumento de 1 peso en tarifa"},"content":{"rendered":"\n<p>El secretario de Gobierno de la Ciudad de M\u00e9xico, Mart\u00ed Batres Guadarrama dijo que ante el aumento de 1 peso en la tarifa de transporte p\u00fablico, &#8220;no hay lugar alguno para que haya movilizaciones en adelante, menos a\u00fan bloqueos en la Ciudad de M\u00e9xico&#8221;, y que a partir del 15 de junio se realizaran operativos y verificaciones para que se cumplan todas las condiciones.<\/p>\n\n\n\n<p>A pregunta expresa por el rechazo de los transportistas a la nueva tarifa, Mart\u00ed Batres refiri\u00f3 que no se va a afectar el bolsillo ni la econom\u00eda de los capitalinos, adem\u00e1s que han sostenido mesas de trabajo con todas las organizaciones, en donde se tocaron todos los temas, entre ellos la mejora en el servicio debido a las m\u00faltiples quejas.<\/p>\n\n\n\n<p>Entre las condiciones que el Gobierno de la Ciudad impuso, son: nada de vidrios polarizados, los choferes tienen que tener uniforme, no pueden ir con acompa\u00f1antes, las placas deben coincidir con el n\u00famero que tiene la unidad, la crom\u00e1tica de la unidad debe ser la crom\u00e1tica oficial, no pueden estar jugando carreritas, no pueden ir a exceso de velocidad arriesgando el pasaje, tienen que inscribirse al proceso de renovaci\u00f3n de las unidades.<\/p>\n\n\n\n<p>&#8220;Hay una serie de condiciones que se plantearon sobre la mesa, eso son los dos temas m\u00e1s importantes para el gobierno de la ciudad, defensa de la econom\u00eda familiar, y por otra parte la mejora del servicio. Y va a estar el gobierno, a trav\u00e9s de diversas \u00e1reas, de la SEMOVI, de la Secretar\u00eda de Gobierno y de la Secretar\u00eda de Seguridad Ciudadana, muy atento el gobierno a partir del 15, especialmente porque para nosotros se trata de un tema integral. Y a partir del 15 habr\u00e1 operativos, verificaciones, para que se cumplan con todas estas condiciones&#8221;, dijo el funcionario.<\/p>\n\n\n\n<p>Coment\u00f3 que se respetan las discrepancias pero que hay una nueva etapa por lo que las autoridades van a buscar que se cumpla el cambio y la calidad en el servicio.<\/p>\n\n\n\n<p>Ante esto, la jefa de Gobierno, Claudia Sheinbaum Pardo, se\u00f1al\u00f3 que &#8220;el transporte concesionado cambi\u00f3 desde que nosotros llegamos.<\/p>\n\n\n\n<p>Antes hab\u00eda un acuerdo basado en la corrupci\u00f3n, en los beneficios para unos concesionarios y los castigos para otros, as\u00ed que hay suficiente autoridad moral para hablar con los transportistas y con la ciudadan\u00eda, y el objetivo de nosotros es primero y, antes que nada, cuidar la econom\u00eda familiar; y segundo, mejorar el servicio del transporte p\u00fablico de la ciudad&#8221;.<\/p>\n\n\n\n<p>Semovi recibe quejas ciudadanas de la Ruta 18<\/p>\n\n\n\n<p>La Secretar\u00eda de Movilidad (Semovi) inform\u00f3 que se recibieron quejas ciudadanas de la Ruta 18 perteneciente a Fuerza Amplia de Transportistas (FAT) que indebidamente iniciaron con el incremento de 1 peso a la tarifa, cuando es hasta el pr\u00f3ximo 15 de junio.<\/p>\n\n\n\n<p>La dependencia capitalina en un comunicado de prensa destac\u00f3 que ya se supervisa a la ruta y se aplicar\u00e1n las sanciones correspondientes establecidas en la Ley de Movilidad como la revocaci\u00f3n de la concesi\u00f3n.<\/p>\n\n\n\n<p>Respecto a incremento a la tarifa, Semovi destac\u00f3 que organizaciones como Movilidad de Vanguardia (MOVA), Coalici\u00f3n De Agrupaciones de Transporte (CAT), Grupo Metropolitano De Transporte (GMT), Organizaci\u00f3n Democr\u00e1tica para la Movilidad Ciudadana (ORDEMOVIL) y Movilidad Interurbana Integral Y Tur\u00edstica, S.A.P.I. (MIIT), que en conjunto aglutina a 45 organizaciones de transporte p\u00fablico concesionado de ruta fija y 24 empresas de corredores de transporte, dijeron que &#8221; est\u00e1n de acuerdo con las acciones de seguridad, calidad del servicio, mantenimiento y capacitaci\u00f3n establecidas por esta dependencia para mejorar, a corto plazo, la seguridad y calidad a los servicios de transporte&#8221;.<\/p>\n","protected":false},"excerpt":{"rendered":"<p>El secretario de Gobierno de la Ciudad de M\u00e9xico, Mart\u00ed Batres Guadarrama dijo que ante el aumento de 1 peso en la tarifa de transporte p\u00fablico, &#8220;no hay lugar alguno para que haya movilizaciones en adelante, menos a\u00fan bloqueos en la Ciudad de M\u00e9xico&#8221;, y que a partir del 15 de junio se realizaran operativos [&hellip;]<\/p>\n","protected":false},"author":81,"featured_media":217271,"comment_status":"closed","ping_status":"closed","sticky":false,"template":"","format":"standard","meta":{"footnotes":""},"categories":[15,36,2160],"tags":[],"class_list":["post-218526","post","type-post","status-publish","format-standard","has-post-thumbnail","hentry","category-destacadas","category-nacion","category-noticias-de-la-ciudad-de-mexico"],"_links":{"self":[{"href":"https:\/\/plazajuarez.mx\/historico\/wp-json\/wp\/v2\/posts\/218526","targetHints":{"allow":["GET"]}}],"collection":[{"href":"https:\/\/plazajuarez.mx\/historico\/wp-json\/wp\/v2\/posts"}],"about":[{"href":"https:\/\/plazajuarez.mx\/historico\/wp-json\/wp\/v2\/types\/post"}],"author":[{"embeddable":true,"href":"https:\/\/plazajuarez.mx\/historico\/wp-json\/wp\/v2\/users\/81"}],"replies":[{"embeddable":true,"href":"https:\/\/plazajuarez.mx\/historico\/wp-json\/wp\/v2\/comments?post=218526"}],"version-history":[{"count":0,"href":"https:\/\/plazajuarez.mx\/historico\/wp-json\/wp\/v2\/posts\/218526\/revisions"}],"wp:featuredmedia":[{"embeddable":true,"href":"https:\/\/plazajuarez.mx\/historico\/wp-json\/wp\/v2\/media\/217271"}],"wp:attachment":[{"href":"https:\/\/plazajuarez.mx\/historico\/wp-json\/wp\/v2\/media?parent=218526"}],"wp:term":[{"taxonomy":"category","embeddable":true,"href":"https:\/\/plazajuarez.mx\/historico\/wp-json\/wp\/v2\/categories?post=218526"},{"taxonomy":"post_tag","embeddable":true,"href":"https:\/\/plazajuarez.mx\/historico\/wp-json\/wp\/v2\/tags?post=218526"}],"curies":[{"name":"wp","href":"https:\/\/api.w.org\/{rel}","templated":true}]}}