{"id":218520,"date":"2022-06-10T14:10:23","date_gmt":"2022-06-10T19:10:23","guid":{"rendered":"https:\/\/plazajuarez.mx\/?p=218520"},"modified":"2022-06-10T14:10:30","modified_gmt":"2022-06-10T19:10:30","slug":"mexico-lanza-un-plan-de-trabajo-temporal-para-acoger-guatemaltecos","status":"publish","type":"post","link":"https:\/\/plazajuarez.mx\/historico\/mexico-lanza-un-plan-de-trabajo-temporal-para-acoger-guatemaltecos\/","title":{"rendered":"M\u00e9xico lanza un plan de trabajo temporal para acoger guatemaltecos"},"content":{"rendered":"\n<p>El Gobierno de M\u00e9xico lanzar\u00e1 este viernes, en Los \u00c1ngeles, un nuevo programa de trabajo temporal para acoger en su territorio a un m\u00e1ximo de 20.000 guatemaltecos por a\u00f1o, iniciativa que pretende ampliar a Honduras y El Salvador en el medio plazo, informaron fuentes oficiales.<\/p>\n\n\n\n<p>El anunci\u00f3 se enmarca dentro del pacto sobre migraci\u00f3n que preparan los representantes de los Gobiernos que han asistido a la IX Cumbre de las Am\u00e9ricas, que se clausura este viernes en la ciudad californiana de Los \u00c1ngeles.<\/p>\n\n\n\n<p>M\u00e9xico, pa\u00eds de tr\u00e1nsito entre Centroam\u00e9rica y Estados Unidos y por donde actualmente se desplaza una caravana de miles de migrantes en busca de nuevas oportunidades en la potencia norteamericana, se comprometer\u00e1 a &#8220;ofrecer oportunidades de trabajo&#8221; a entre &#8220;15.000 y 20.000 trabajadores de Guatemala&#8221;.<\/p>\n\n\n\n<p>&#8220;El Gobierno de M\u00e9xico tiene como objetivo ampliar ese programa para incluir a Honduras y El Salvador en el mediano plazo&#8221;, indic\u00f3 el Departamento de Estado de Estados Unidos al divulgar un borrador de la declaraci\u00f3n que se presentar\u00e1 este viernes en la conferencia.<\/p>\n\n\n\n<p>Asimismo, el Gobierno de Andr\u00e9s Manuel L\u00f3pez, quien no acudi\u00f3 a esta cita en se\u00f1al de protesta por el veto de EE.UU a Cuba, Nicaragua y Venezuela, pa\u00edses emisores de migraci\u00f3n, ampliar\u00e1 los beneficiarios de otro programa destinado para trabajadores fronterizos en un rango de entre 10.000 y 20.000.<\/p>\n\n\n\n<p>&#8220;Este programa permite una mayor movilidad laboral para satisfacer las necesidades de los empleadores en M\u00e9xico, promover el desarrollo econ\u00f3mico en Centroam\u00e9rica y brindar una alternativa a la migraci\u00f3n irregular&#8221;, indic\u00f3 la nota.<\/p>\n\n\n\n<p>M\u00e9xico, segunda mayor econom\u00eda de Latinoam\u00e9rica, se comprometi\u00f3 a integrar 20.000 refugiados en su mercado laboral formal dentro de los tres pr\u00f3ximos a\u00f1os, con el apoyo del Alto Comisionado de las Naciones Unidas para los Refugiados (ACNUR).<\/p>\n\n\n\n<p>La Declaraci\u00f3n de Los \u00c1ngeles sobre Migraci\u00f3n y Protecci\u00f3n de la esta IX Cumbre de las Am\u00e9ricas busca aunar esfuerzos para abordar de manera conjunta el \u00e9xodo migratorio que ha desplazado a millones de persones desde pa\u00edses como Venezuela, Hait\u00ed, El Salvador, Honduras, Nicaragua o Guatemala.<\/p>\n\n\n\n<p>El documento consta de cuatro pilares: estabilidad y asistencia a las comunidades; ampliaci\u00f3n de las v\u00edas legales; fomentar la gesti\u00f3n humana de la migraci\u00f3n; y dar una respuesta coordinada ante posibles emergencias.<\/p>\n\n\n\n<p>El acto de presentaci\u00f3n estar\u00e1 encabezado por el presidente de Estados Unidos, Joe Biden, quien estar\u00e1 acompa\u00f1ado por mandatarios y representantes de los Gobiernos latinoamericanos, entre ellos el canciller mexicano, Marcelo Ebrard.<\/p>\n","protected":false},"excerpt":{"rendered":"<p>El Gobierno de M\u00e9xico lanzar\u00e1 este viernes, en Los \u00c1ngeles, un nuevo programa de trabajo temporal para acoger en su territorio a un m\u00e1ximo de 20.000 guatemaltecos por a\u00f1o, iniciativa que pretende ampliar a Honduras y El Salvador en el medio plazo, informaron fuentes oficiales. El anunci\u00f3 se enmarca dentro del pacto sobre migraci\u00f3n que [&hellip;]<\/p>\n","protected":false},"author":80,"featured_media":218521,"comment_status":"closed","ping_status":"closed","sticky":false,"template":"","format":"standard","meta":{"footnotes":""},"categories":[15,36,2160,31],"tags":[],"class_list":["post-218520","post","type-post","status-publish","format-standard","has-post-thumbnail","hentry","category-destacadas","category-nacion","category-noticias-de-la-ciudad-de-mexico","category-orbe"],"_links":{"self":[{"href":"https:\/\/plazajuarez.mx\/historico\/wp-json\/wp\/v2\/posts\/218520","targetHints":{"allow":["GET"]}}],"collection":[{"href":"https:\/\/plazajuarez.mx\/historico\/wp-json\/wp\/v2\/posts"}],"about":[{"href":"https:\/\/plazajuarez.mx\/historico\/wp-json\/wp\/v2\/types\/post"}],"author":[{"embeddable":true,"href":"https:\/\/plazajuarez.mx\/historico\/wp-json\/wp\/v2\/users\/80"}],"replies":[{"embeddable":true,"href":"https:\/\/plazajuarez.mx\/historico\/wp-json\/wp\/v2\/comments?post=218520"}],"version-history":[{"count":0,"href":"https:\/\/plazajuarez.mx\/historico\/wp-json\/wp\/v2\/posts\/218520\/revisions"}],"wp:featuredmedia":[{"embeddable":true,"href":"https:\/\/plazajuarez.mx\/historico\/wp-json\/wp\/v2\/media\/218521"}],"wp:attachment":[{"href":"https:\/\/plazajuarez.mx\/historico\/wp-json\/wp\/v2\/media?parent=218520"}],"wp:term":[{"taxonomy":"category","embeddable":true,"href":"https:\/\/plazajuarez.mx\/historico\/wp-json\/wp\/v2\/categories?post=218520"},{"taxonomy":"post_tag","embeddable":true,"href":"https:\/\/plazajuarez.mx\/historico\/wp-json\/wp\/v2\/tags?post=218520"}],"curies":[{"name":"wp","href":"https:\/\/api.w.org\/{rel}","templated":true}]}}