{"id":218514,"date":"2022-06-10T14:03:38","date_gmt":"2022-06-10T19:03:38","guid":{"rendered":"https:\/\/plazajuarez.mx\/?p=218514"},"modified":"2022-06-10T14:03:44","modified_gmt":"2022-06-10T19:03:44","slug":"paty-cantu-incursiona-en-la-actuacion-y-hace-su-mejor-musica","status":"publish","type":"post","link":"https:\/\/plazajuarez.mx\/historico\/paty-cantu-incursiona-en-la-actuacion-y-hace-su-mejor-musica\/","title":{"rendered":"Paty Cant\u00fa incursiona en la actuaci\u00f3n y hace su &#8220;mejor m\u00fasica&#8221;"},"content":{"rendered":"\n<p>La pandemia no solo hizo que Paty Cant\u00fa escribiera nuevas canciones, sino que la oblig\u00f3 a diversificarse en cuestiones art\u00edsticas como en la actuaci\u00f3n, \u00e1rea en la que se hab\u00eda negado a participar y que ahora aborda como un lugar en el cual ampliar su mensaje como protagonista.<\/p>\n\n\n\n<p>&#8220;El a\u00f1o pasado se acercaron con distintos proyectos de actuaci\u00f3n y yo dec\u00eda que no porque me iban a alejar de la m\u00fasica, pero luego dije: si le puedo hablar a otra gente en otro \u00e1ngulo y se puede parecer mi personaje a algo de lo que yo pienso ser\u00eda bien bonito&#8221;, dijo en entrevista con Efe la cantante.<\/p>\n\n\n\n<p>Cuando esos pensamientos llegaron a su cabeza, Cant\u00fa pens\u00f3 en un personaje &#8220;muy espec\u00edfico&#8221;, y para su sorpresa una semana m\u00e1s tarde le lleg\u00f3 el papel ideal.<\/p>\n\n\n\n<p>&#8220;Es algo bien bonito y congruente con lo que yo promuevo y lucho. Es mi primer protag\u00f3nico entonces espero haberlo hecho bien&#8221;, dice.<\/p>\n\n\n\n<p>Aunque no se trata de su primer proyecto histri\u00f3nico, s\u00ed se presenta como el m\u00e1s importante que ha hecho, pero hasta el momento no ha podido revelar el nombre ni nada m\u00e1s sobre \u00e9l.<\/p>\n\n\n\n<p>Adem\u00e1s, ser\u00e1 la presentadora de &#8220;Iron Chef M\u00e9xico&#8221; con la plataforma Netflix, y entre los \u00faltimos trabajos que realiz\u00f3 en televisi\u00f3n est\u00e1 su participaci\u00f3n en el concurso de &#8220;\u00bfQui\u00e9n es la m\u00e1scara?&#8221;, en 2020.<\/p>\n\n\n\n<p><strong>NUEVA M\u00daSICA<\/strong><\/p>\n\n\n\n<p>Sin embargo, sus proyectos musicales contin\u00faan y tras, haber retomado lo m\u00e1s profundo de sus ra\u00edces en su \u00faltimo disco &#8220;La mexicana&#8221;, comienza un nuevo trayecto con una canci\u00f3n llena de libertad y energ\u00eda femenina.<\/p>\n\n\n\n<p>&#8220;&#8216;La mexicana&#8217; fue un disco que termin\u00e9 de componer y de producir pr\u00e1cticamente en el 2020 y es un pop muy propositivo divertido y neto (verdadero)&#8221;, dice.<\/p>\n\n\n\n<p>Dicho trabajo naci\u00f3 de las reflexiones que vinieron de su origen como mexicana luego de haber viajado tanto con su \u00e1lbum anterior &#8220;333&#8221;.<\/p>\n\n\n\n<p>&#8220;Ten\u00eda que hacer justo esto, algo que le recuerde a mi gente que esta es mi tierra y que lo que m\u00e1s me enorgullece son mis ra\u00edces en cualquier estilo de m\u00fasica&#8221;, menciona.<\/p>\n\n\n\n<p>Ahora, como artista independiente desde 2021, Cant\u00fa presenta &#8220;Bailo Sola&#8221; una canci\u00f3n que resalta la energ\u00eda femenina, el poder y fuerza innata en las mujeres y que forma parte de una nueva etapa en la que asegura quiere hacer &#8220;la mejor m\u00fasica&#8221; de su vida.<\/p>\n\n\n\n<p>&#8220;La mujer no se &#8216;empodera&#8217;, la mujer nace poderosa, los seres humanos nacemos poderosos, los \u00faltimos a\u00f1os nos han ense\u00f1ado que nos empoderamos, que de repente cuando por fin te atreves, cuando por fin eres valiente y ese es el discurso que hay que cambiar&#8221;, dice la cantante.<\/p>\n\n\n\n<p>En su m\u00fasica y redes sociales, Cant\u00fa siempre se ha mostrado interesada en temas de apoyo a la mujer y con esta canci\u00f3n no fue la excepci\u00f3n, pues invit\u00f3 a 20 de sus amigas de todas las edades e identidades a ser parte del video y de 19 de ellas recibi\u00f3 un s\u00ed rotundo y sin cuestionamientos.<\/p>\n\n\n\n<p>&#8220;Quiero promover esa sensaci\u00f3n de que soy libre y soy maravillosa, ser tal y como soy y por otro lado tiene esas frases muy divertidas pero que est\u00e1n diciendo algo&#8221;, cuenta.<\/p>\n\n\n\n<p>Adem\u00e1s, espera que esta canci\u00f3n ponga a bailar a sus seguidores tal y como lo har\u00edan cuando nadie los ve, acci\u00f3n que traslad\u00f3 al video.<\/p>\n\n\n\n<p>&#8220;Bailo sola&#8221; es la inauguraci\u00f3n de su nueva producci\u00f3n discogr\u00e1fica y por ahora Cant\u00fa se subir\u00e1 al escenario de la Arena CDMX para ser parte del proyecto nost\u00e1lgico &#8220;2000&#8217;s Pop Tour&#8221; en el que cantar\u00e1 junto a bandas como Playa Limbo, Bacilos, Motel, Nikki Clan, entre otras.<\/p>\n","protected":false},"excerpt":{"rendered":"<p>La pandemia no solo hizo que Paty Cant\u00fa escribiera nuevas canciones, sino que la oblig\u00f3 a diversificarse en cuestiones art\u00edsticas como en la actuaci\u00f3n, \u00e1rea en la que se hab\u00eda negado a participar y que ahora aborda como un lugar en el cual ampliar su mensaje como protagonista. &#8220;El a\u00f1o pasado se acercaron con distintos [&hellip;]<\/p>\n","protected":false},"author":80,"featured_media":218515,"comment_status":"closed","ping_status":"closed","sticky":false,"template":"","format":"standard","meta":{"footnotes":""},"categories":[38],"tags":[],"class_list":["post-218514","post","type-post","status-publish","format-standard","has-post-thumbnail","hentry","category-show"],"_links":{"self":[{"href":"https:\/\/plazajuarez.mx\/historico\/wp-json\/wp\/v2\/posts\/218514","targetHints":{"allow":["GET"]}}],"collection":[{"href":"https:\/\/plazajuarez.mx\/historico\/wp-json\/wp\/v2\/posts"}],"about":[{"href":"https:\/\/plazajuarez.mx\/historico\/wp-json\/wp\/v2\/types\/post"}],"author":[{"embeddable":true,"href":"https:\/\/plazajuarez.mx\/historico\/wp-json\/wp\/v2\/users\/80"}],"replies":[{"embeddable":true,"href":"https:\/\/plazajuarez.mx\/historico\/wp-json\/wp\/v2\/comments?post=218514"}],"version-history":[{"count":0,"href":"https:\/\/plazajuarez.mx\/historico\/wp-json\/wp\/v2\/posts\/218514\/revisions"}],"wp:featuredmedia":[{"embeddable":true,"href":"https:\/\/plazajuarez.mx\/historico\/wp-json\/wp\/v2\/media\/218515"}],"wp:attachment":[{"href":"https:\/\/plazajuarez.mx\/historico\/wp-json\/wp\/v2\/media?parent=218514"}],"wp:term":[{"taxonomy":"category","embeddable":true,"href":"https:\/\/plazajuarez.mx\/historico\/wp-json\/wp\/v2\/categories?post=218514"},{"taxonomy":"post_tag","embeddable":true,"href":"https:\/\/plazajuarez.mx\/historico\/wp-json\/wp\/v2\/tags?post=218514"}],"curies":[{"name":"wp","href":"https:\/\/api.w.org\/{rel}","templated":true}]}}