{"id":218487,"date":"2022-06-10T10:58:38","date_gmt":"2022-06-10T15:58:38","guid":{"rendered":"https:\/\/plazajuarez.mx\/?p=218487"},"modified":"2022-06-10T10:58:44","modified_gmt":"2022-06-10T15:58:44","slug":"asegura-amlo-que-oposicion-en-mexico-se-dedica-a-estorbar","status":"publish","type":"post","link":"https:\/\/plazajuarez.mx\/historico\/asegura-amlo-que-oposicion-en-mexico-se-dedica-a-estorbar\/","title":{"rendered":"Asegura AMLO que oposici\u00f3n en M\u00e9xico &#8220;se dedica a estorbar&#8221;"},"content":{"rendered":"\n<p>El presidente de M\u00e9xico, Andr\u00e9s Manuel L\u00f3pez Obrador, asegur\u00f3 este viernes que la oposici\u00f3n &#8220;se dedica a estorbar&#8221;, despu\u00e9s de que el jueves los tres partidos hegem\u00f3nicos afirmaran que se mantendr\u00e1n en alianza de cara a las elecciones presidenciales de 2024.<\/p>\n\n\n\n<p>&#8220;Se dedican a estorbar, mucho ayuda el que no estorba, pero no quieren cambiar&#8221;, declar\u00f3 el mandatario en su habitual conferencia de prensa matutina, a la vez que record\u00f3 varios temas propuestos por su Gobierno y que la oposici\u00f3n, representada en la coalici\u00f3n Va por M\u00e9xico, desaprueba.<\/p>\n\n\n\n<p>El jueves, Marko Cort\u00e9s, l\u00edder nacional del Partido Acci\u00f3n Nacional (PAN), declar\u00f3 en conferencia de prensa que presentaron una moratoria constitucional (una declaraci\u00f3n firma con la que se comprometen a no apoyar ninguna reforma que pretenda reformar la Constituci\u00f3n) para impedir en el Congreso reformas que promueva el presidente.<\/p>\n\n\n\n<p>Entre las propuestas del mandatario, Cort\u00e9s destac\u00f3 la reforma electoral. A finales de abril, L\u00f3pez Obrador present\u00f3 este una propuesta de reforma &#8220;democr\u00e1tica&#8221; -que modificar\u00eda 18 art\u00edculos de la Constituci\u00f3n- para reemplazar al aut\u00f3nomo Instituto Nacional Electoral (INE) y eliminar a legisladores de representaci\u00f3n proporcional, entre otras medidas.<\/p>\n\n\n\n<p>&#8220;Imag\u00ednense decir &#8216;vamos a bloquear una reforma electoral&#8217;. \u00bfQu\u00e9 provecho tienes? Nada m\u00e1s por tener la posibilidad de seguir haciendo fraudes. Que no se nos cierre esa puerta por completo, porque si seguimos teniendo consejeros electorales antidemocr\u00e1ticos, podemos llevar a cabo fraudes y burlarnos como lo hac\u00edan antes de la voluntad del pueblo&#8221;, sentenci\u00f3 el presidente.<\/p>\n\n\n\n<p>Cort\u00e9s tambi\u00e9n menciono la reforma a la Guardia Nacional, cuerpo creado en 2019 con mando civil por L\u00f3pez Obrador para combatir en primera linea la ola de violencia que asola al pa\u00eds y que seg\u00fan la propuesta de reforma constitucional pasar\u00eda a manos de la Secretar\u00eda de la Defensa.<\/p>\n\n\n\n<p>&#8220;En el caso de no aprobar que la Guardia Nacional pase a formar parte de la Secretar\u00eda de la Defensa \u00bfqu\u00e9 es lo que quieren? \u00bfQue resucite la antigua Polic\u00eda Federal y que la Guardia Nacional est\u00e9 en manos de personas como Genaro Garc\u00eda Luna -titular de Seguridad P\u00fablica durante la Presidencia de Felipe Calder\u00f3n (2006-2012), detenido en 2019 en Estados Unidos por los delitos de conspiraci\u00f3n y tr\u00e1fico de drogas, proyecto criminal continuado y falsear declaraciones-?&#8221;, dijo.<\/p>\n\n\n\n<p>Por \u00faltimo, record\u00f3 la nueva pol\u00edtica energ\u00e9tica del Gobierno de L\u00f3pez Obrador, que impuls\u00f3 una reforma a la Ley de la Industria El\u00e9ctrica validada en su mayor\u00eda por la Suprema Corte de Justicia de la Naci\u00f3n (SCJN) pero que la oposici\u00f3n -formada por el Partido Revolucionario Institucional (PRI), el PAN y el Partido de la Revoluci\u00f3n Democr\u00e1tica (PRD)- vot\u00f3 en contra.<\/p>\n\n\n\n<p>&#8220;Es como cuando decidieron votar a favor de -la empresa espa\u00f1ola- Iberdrola en vez de votar a favor de la CFE (Comisi\u00f3n Federal de Electricidad)&#8221;, coment\u00f3, y opin\u00f3 que dicha compa\u00f1\u00eda no habr\u00eda actuado tan r\u00e1pido como la empresa p\u00fablica ante los recientes destrozos del hurac\u00e1n Agatha en el sure\u00f1o estado de Oaxaca.<\/p>\n\n\n\n<p>&#8220;No les preocupar\u00eda&#8221;, termin\u00f3.<\/p>\n","protected":false},"excerpt":{"rendered":"<p>El presidente de M\u00e9xico, Andr\u00e9s Manuel L\u00f3pez Obrador, asegur\u00f3 este viernes que la oposici\u00f3n &#8220;se dedica a estorbar&#8221;, despu\u00e9s de que el jueves los tres partidos hegem\u00f3nicos afirmaran que se mantendr\u00e1n en alianza de cara a las elecciones presidenciales de 2024. &#8220;Se dedican a estorbar, mucho ayuda el que no estorba, pero no quieren cambiar&#8221;, [&hellip;]<\/p>\n","protected":false},"author":80,"featured_media":218488,"comment_status":"closed","ping_status":"closed","sticky":false,"template":"","format":"standard","meta":{"footnotes":""},"categories":[15,36],"tags":[],"class_list":["post-218487","post","type-post","status-publish","format-standard","has-post-thumbnail","hentry","category-destacadas","category-nacion"],"_links":{"self":[{"href":"https:\/\/plazajuarez.mx\/historico\/wp-json\/wp\/v2\/posts\/218487","targetHints":{"allow":["GET"]}}],"collection":[{"href":"https:\/\/plazajuarez.mx\/historico\/wp-json\/wp\/v2\/posts"}],"about":[{"href":"https:\/\/plazajuarez.mx\/historico\/wp-json\/wp\/v2\/types\/post"}],"author":[{"embeddable":true,"href":"https:\/\/plazajuarez.mx\/historico\/wp-json\/wp\/v2\/users\/80"}],"replies":[{"embeddable":true,"href":"https:\/\/plazajuarez.mx\/historico\/wp-json\/wp\/v2\/comments?post=218487"}],"version-history":[{"count":0,"href":"https:\/\/plazajuarez.mx\/historico\/wp-json\/wp\/v2\/posts\/218487\/revisions"}],"wp:featuredmedia":[{"embeddable":true,"href":"https:\/\/plazajuarez.mx\/historico\/wp-json\/wp\/v2\/media\/218488"}],"wp:attachment":[{"href":"https:\/\/plazajuarez.mx\/historico\/wp-json\/wp\/v2\/media?parent=218487"}],"wp:term":[{"taxonomy":"category","embeddable":true,"href":"https:\/\/plazajuarez.mx\/historico\/wp-json\/wp\/v2\/categories?post=218487"},{"taxonomy":"post_tag","embeddable":true,"href":"https:\/\/plazajuarez.mx\/historico\/wp-json\/wp\/v2\/tags?post=218487"}],"curies":[{"name":"wp","href":"https:\/\/api.w.org\/{rel}","templated":true}]}}