{"id":218443,"date":"2022-06-10T08:18:50","date_gmt":"2022-06-10T13:18:50","guid":{"rendered":"https:\/\/plazajuarez.mx\/?p=218443"},"modified":"2022-06-10T08:18:56","modified_gmt":"2022-06-10T13:18:56","slug":"vacuna-anti-covid-pediatrica-llegara-en-breve","status":"publish","type":"post","link":"https:\/\/plazajuarez.mx\/historico\/vacuna-anti-covid-pediatrica-llegara-en-breve\/","title":{"rendered":"Vacuna anti covid pedi\u00e1trica, llegar\u00e1 en breve"},"content":{"rendered":"\n<p>El titular de la Secretar\u00eda de Salud de Hidalgo (SSH), Efra\u00edn Ben\u00edtez Herrera, inform\u00f3 que en breve llegar\u00e1 a la entidad la vacuna contra la Covid-19, para inmunizar a menores de 12 a\u00f1os.<\/p>\n\n\n\n<p>En entrevista para \u201cAl Aire\u201d, noticiario producido por <em>Diario Plaza Ju\u00e1rez<\/em>, mencion\u00f3: \u201cen breve comenzaremos a vacunar a menores de 12 a\u00f1os, con la adquisici\u00f3n de la vacuna pedi\u00e1trica, a\u00fan no tenemos fechas de entrega, pero ser\u00e1 bueno para proteger a los menores en esta \u00e9poca escolar\u201d.<\/p>\n\n\n\n<p>En tanto, ante el incremento de casos de la enfermedad, situaci\u00f3n que se observa en diferentes partes del mundo, asegur\u00f3 que el aumento ha sido sostenido, pero afortunadamente las hospitalizaciones no registran la misma situaci\u00f3n.<\/p>\n\n\n\n<p>Dijo: \u201cel incremento de casos de covid se observa en todo el pa\u00eds, en algunos lugares m\u00e1s acelerado, nosotros en las \u00faltimas tres semanas hemos tenido un incremento sostenido pero no tan acelerado como se observ\u00f3 hace algunos meses con Omicr\u00f3n, el principal par\u00e1metro para evaluar la gravedad del incremento es la cantidad de pacientes hospitalizados, hay brotes familiares y escolares, pero no se ha traducido en hospitalizaci\u00f3n\u201d.<\/p>\n\n\n\n<p>El funcionario estatal sentenci\u00f3 que en todo el sector salud solo un paciente se encuentra hospitalizado, en el Instituto de Seguridad y Servicios Sociales de los Trabajadores del Estado (ISSSTE).<\/p>\n\n\n\n<p>Sin embargo, enfatiz\u00f3 en la importancia de continuar con las medidas de bioseguridad: uso de cubrebocas, gel antibacterial, lavado de manos, sanitizaci\u00f3n; adem\u00e1s asegur\u00f3 que pese al incremento de casos mantendr\u00e1n los aforos de 90 por ciento, para seguir con la reactivaci\u00f3n econ\u00f3mica.<\/p>\n\n\n\n<p>Sentenci\u00f3 \u201ctenemos que seguir utilizando el cubrebocas, es fundamental porque adem\u00e1s del incremento de casos hay otras situaciones asociadas a covid como la hepatitis viral aguda grave en ni\u00f1os, en Hidalgo solo hay un caso, pero los lugares donde se levantaron medidas de seguridad con anticipaci\u00f3n\u201d.<\/p>\n","protected":false},"excerpt":{"rendered":"<p>El titular de la Secretar\u00eda de Salud de Hidalgo (SSH), Efra\u00edn Ben\u00edtez Herrera, inform\u00f3 que en breve llegar\u00e1 a la entidad la vacuna contra la Covid-19, para inmunizar a menores de 12 a\u00f1os. En entrevista para \u201cAl Aire\u201d, noticiario producido por Diario Plaza Ju\u00e1rez, mencion\u00f3: \u201cen breve comenzaremos a vacunar a menores de 12 a\u00f1os, [&hellip;]<\/p>\n","protected":false},"author":73,"featured_media":218444,"comment_status":"closed","ping_status":"closed","sticky":false,"template":"","format":"standard","meta":{"footnotes":""},"categories":[15,59,2159],"tags":[],"class_list":["post-218443","post","type-post","status-publish","format-standard","has-post-thumbnail","hentry","category-destacadas","category-general","category-noticias-de-hidalgo"],"_links":{"self":[{"href":"https:\/\/plazajuarez.mx\/historico\/wp-json\/wp\/v2\/posts\/218443","targetHints":{"allow":["GET"]}}],"collection":[{"href":"https:\/\/plazajuarez.mx\/historico\/wp-json\/wp\/v2\/posts"}],"about":[{"href":"https:\/\/plazajuarez.mx\/historico\/wp-json\/wp\/v2\/types\/post"}],"author":[{"embeddable":true,"href":"https:\/\/plazajuarez.mx\/historico\/wp-json\/wp\/v2\/users\/73"}],"replies":[{"embeddable":true,"href":"https:\/\/plazajuarez.mx\/historico\/wp-json\/wp\/v2\/comments?post=218443"}],"version-history":[{"count":0,"href":"https:\/\/plazajuarez.mx\/historico\/wp-json\/wp\/v2\/posts\/218443\/revisions"}],"wp:featuredmedia":[{"embeddable":true,"href":"https:\/\/plazajuarez.mx\/historico\/wp-json\/wp\/v2\/media\/218444"}],"wp:attachment":[{"href":"https:\/\/plazajuarez.mx\/historico\/wp-json\/wp\/v2\/media?parent=218443"}],"wp:term":[{"taxonomy":"category","embeddable":true,"href":"https:\/\/plazajuarez.mx\/historico\/wp-json\/wp\/v2\/categories?post=218443"},{"taxonomy":"post_tag","embeddable":true,"href":"https:\/\/plazajuarez.mx\/historico\/wp-json\/wp\/v2\/tags?post=218443"}],"curies":[{"name":"wp","href":"https:\/\/api.w.org\/{rel}","templated":true}]}}