{"id":218409,"date":"2022-06-09T14:40:54","date_gmt":"2022-06-09T19:40:54","guid":{"rendered":"https:\/\/plazajuarez.mx\/?p=218409"},"modified":"2022-06-09T14:41:01","modified_gmt":"2022-06-09T19:41:01","slug":"solari_america-2","status":"publish","type":"post","link":"https:\/\/plazajuarez.mx\/historico\/solari_america-2\/","title":{"rendered":"Am\u00e9rica no es la mejor opci\u00f3n para Solari: t\u00e9cnico de Colo Colo"},"content":{"rendered":"\n<p> Am\u00e9rica sigue en conversaciones con la directiva de Colo Colo por hacerse de los servicios del argentino Pablo Solari; detalles separan al atacante de ser nuevo jugador de las \u00c1guilas.<\/p>\n\n\n\n<p>Sin embargo, en el equipo albo no todos ven con buenos ojos que el futbolista de 21 a\u00f1os llegue al Am\u00e9rica. Consideran que \u00e9l deber\u00eda irse a Europa.<\/p>\n\n\n\n<p>Gustavo Quinteros, ex t\u00e9cnico del Tijuana en 2020, declar\u00f3 en conferencia de prensa que las \u00c1guilas no son la mejor opci\u00f3n para su futbolista.<\/p>\n\n\n\n<p>&#8220;Yo no comparto que es una oportunidad \u00fanica; Pablo es un jugador que puede jugar en Europa. Es una decisi\u00f3n del jugador y del club, porque traerlo fue una apuesta. Creo que todav\u00eda tiene un techo m\u00e1s alto&#8221;, fueron las contundentes palabras del estratega argentino.<\/p>\n\n\n\n<p>Solari ha dado a conocer su deseo por salir del Cacique y llegar al Club Am\u00e9rica y en Chile aseguran que el ex de Talleres de C\u00f3rdoba ya se despidi\u00f3 de sus compa\u00f1eros.<\/p>\n","protected":false},"excerpt":{"rendered":"<p>Am\u00e9rica sigue en conversaciones con la directiva de Colo Colo por hacerse de los servicios del argentino Pablo Solari; detalles separan al atacante de ser nuevo jugador de las \u00c1guilas. Sin embargo, en el equipo albo no todos ven con buenos ojos que el futbolista de 21 a\u00f1os llegue al Am\u00e9rica. Consideran que \u00e9l deber\u00eda [&hellip;]<\/p>\n","protected":false},"author":81,"featured_media":218410,"comment_status":"closed","ping_status":"closed","sticky":false,"template":"","format":"standard","meta":{"footnotes":""},"categories":[39],"tags":[],"class_list":["post-218409","post","type-post","status-publish","format-standard","has-post-thumbnail","hentry","category-deportiva"],"_links":{"self":[{"href":"https:\/\/plazajuarez.mx\/historico\/wp-json\/wp\/v2\/posts\/218409","targetHints":{"allow":["GET"]}}],"collection":[{"href":"https:\/\/plazajuarez.mx\/historico\/wp-json\/wp\/v2\/posts"}],"about":[{"href":"https:\/\/plazajuarez.mx\/historico\/wp-json\/wp\/v2\/types\/post"}],"author":[{"embeddable":true,"href":"https:\/\/plazajuarez.mx\/historico\/wp-json\/wp\/v2\/users\/81"}],"replies":[{"embeddable":true,"href":"https:\/\/plazajuarez.mx\/historico\/wp-json\/wp\/v2\/comments?post=218409"}],"version-history":[{"count":0,"href":"https:\/\/plazajuarez.mx\/historico\/wp-json\/wp\/v2\/posts\/218409\/revisions"}],"wp:featuredmedia":[{"embeddable":true,"href":"https:\/\/plazajuarez.mx\/historico\/wp-json\/wp\/v2\/media\/218410"}],"wp:attachment":[{"href":"https:\/\/plazajuarez.mx\/historico\/wp-json\/wp\/v2\/media?parent=218409"}],"wp:term":[{"taxonomy":"category","embeddable":true,"href":"https:\/\/plazajuarez.mx\/historico\/wp-json\/wp\/v2\/categories?post=218409"},{"taxonomy":"post_tag","embeddable":true,"href":"https:\/\/plazajuarez.mx\/historico\/wp-json\/wp\/v2\/tags?post=218409"}],"curies":[{"name":"wp","href":"https:\/\/api.w.org\/{rel}","templated":true}]}}