{"id":218406,"date":"2022-06-09T14:31:48","date_gmt":"2022-06-09T19:31:48","guid":{"rendered":"https:\/\/plazajuarez.mx\/?p=218406"},"modified":"2022-06-09T14:31:57","modified_gmt":"2022-06-09T19:31:57","slug":"alejandro_moreno","status":"publish","type":"post","link":"https:\/\/plazajuarez.mx\/historico\/alejandro_moreno\/","title":{"rendered":"Alejandro Moreno C\u00e1rdenas se mantiene &#8220;firme&#8221; al frente del PRI"},"content":{"rendered":"\n<p>A pesar de la p\u00e9rdida de gubernaturas durante su gesti\u00f3n y la exigencia de grupos y priistas como Roberto Madrazo para que renuncie a la dirigencia del PRI, el presidente nacional de ese partido, Alejandro Moreno C\u00e1rdenas, descart\u00f3 la posibilidad de abandonar el cargo.<\/p>\n\n\n\n<p>En conferencia de prensa, acompa\u00f1ado de los dirigentes del PAN, Marko Cort\u00e9s, y del PRD, Jes\u00fas Zambrano, Moreno C\u00e1rdenas asegur\u00f3 que est\u00e1 firme en la presidencia del partido, aunque reconoci\u00f3 que se tiene que hacer un balance y una autocr\u00edtica constructiva al interior del PRI y de la coalici\u00f3n para reagruparse, dem\u00e1s replantear y construir la estrategia rumbo a las elecciones de 2023 en Coahuila y el Estado de M\u00e9xico.<\/p>\n\n\n\n<p>El l\u00edder priista dijo que seguir\u00e1 trabajando en la dirigencia del partido y escuchar\u00e1 todas las voces que se expresen dentro del partido, aunque reproch\u00f3 que &#8220;muchos&#8221; solo opinan en tiempos electorales.<\/p>\n\n\n\n<p>&#8220;Yo respeto a todos, los escuchamos, en el PRI todas las voces se escuchan, todas las voces se reconocen y nosotros estamos trabajando. Al final del d\u00eda las y los priistas tienen pleno conocimiento de quienes trabajan en los tiempos de campa\u00f1a, quienes est\u00e1n en las elecciones, quienes dan la cara por el partido y muchos solo en los tiempos electorales se asoman, para poder generar noticias.<\/p>\n\n\n\n<p>&#8220;Nosotros vamos a escuchar a todos, somos un partido abierto, plural, as\u00ed que nosotros echados para adelante y ya trabajando para las elecciones del Estado de M\u00e9xico y Coahuila&#8221;, apunt\u00f3.<\/p>\n\n\n\n<p>Ante la insistencia de los reporteros, Alejandro Moreno manifest\u00f3 que &#8220;siempre hay voces en un partido diverso como el nuestro, despu\u00e9s de haber vivido una elecci\u00f3n de Estado. (\u2026) Convocaremos siempre a las voces, tenemos reuniones, est\u00e1n las comisiones al interior de de nuestro partido, todas las voces son importantes y necesitamos construir&#8221;.<\/p>\n\n\n\n<p>\u00bfEst\u00e1 firme en la presidencia del PRI?, se le pregunt\u00f3.<\/p>\n\n\n\n<p>-\u00a1Claro!, respondi\u00f3 sonriente.<\/p>\n\n\n\n<p>&#8220;Alito&#8221; se\u00f1al\u00f3 que se mantiene al frente del PRI, tambi\u00e9n a pesar de la &#8220;campa\u00f1a feroz de ataques y desprestigio&#8221;, de la cual, dijo, ha sido v\u00edctima.<\/p>\n\n\n\n<p>&#8220;Soy un hombre de convicci\u00f3n firme, soy de una sola pieza, siempre voy a dar la cara y siempre lo voy a hacer de frente a todos ustedes y con orgullo a la militancia.<\/p>\n\n\n\n<p>&#8220;A m\u00ed, por m\u00e1s que quieran armar palas, atacarnos y difamarnos, ni nos van a doblar ni nos van a echar para atr\u00e1s, aqu\u00ed vamos a dar la cara de frente a Morena. Estoy convencido que las imputaciones y difamaciones y las campa\u00f1as de odio son para pretender dividir a la oposici\u00f3n&#8221;, expres\u00f3.<\/p>\n","protected":false},"excerpt":{"rendered":"<p>A pesar de la p\u00e9rdida de gubernaturas durante su gesti\u00f3n y la exigencia de grupos y priistas como Roberto Madrazo para que renuncie a la dirigencia del PRI, el presidente nacional de ese partido, Alejandro Moreno C\u00e1rdenas, descart\u00f3 la posibilidad de abandonar el cargo. En conferencia de prensa, acompa\u00f1ado de los dirigentes del PAN, Marko [&hellip;]<\/p>\n","protected":false},"author":81,"featured_media":218407,"comment_status":"closed","ping_status":"closed","sticky":false,"template":"","format":"standard","meta":{"footnotes":""},"categories":[15,36],"tags":[],"class_list":["post-218406","post","type-post","status-publish","format-standard","has-post-thumbnail","hentry","category-destacadas","category-nacion"],"_links":{"self":[{"href":"https:\/\/plazajuarez.mx\/historico\/wp-json\/wp\/v2\/posts\/218406","targetHints":{"allow":["GET"]}}],"collection":[{"href":"https:\/\/plazajuarez.mx\/historico\/wp-json\/wp\/v2\/posts"}],"about":[{"href":"https:\/\/plazajuarez.mx\/historico\/wp-json\/wp\/v2\/types\/post"}],"author":[{"embeddable":true,"href":"https:\/\/plazajuarez.mx\/historico\/wp-json\/wp\/v2\/users\/81"}],"replies":[{"embeddable":true,"href":"https:\/\/plazajuarez.mx\/historico\/wp-json\/wp\/v2\/comments?post=218406"}],"version-history":[{"count":0,"href":"https:\/\/plazajuarez.mx\/historico\/wp-json\/wp\/v2\/posts\/218406\/revisions"}],"wp:featuredmedia":[{"embeddable":true,"href":"https:\/\/plazajuarez.mx\/historico\/wp-json\/wp\/v2\/media\/218407"}],"wp:attachment":[{"href":"https:\/\/plazajuarez.mx\/historico\/wp-json\/wp\/v2\/media?parent=218406"}],"wp:term":[{"taxonomy":"category","embeddable":true,"href":"https:\/\/plazajuarez.mx\/historico\/wp-json\/wp\/v2\/categories?post=218406"},{"taxonomy":"post_tag","embeddable":true,"href":"https:\/\/plazajuarez.mx\/historico\/wp-json\/wp\/v2\/tags?post=218406"}],"curies":[{"name":"wp","href":"https:\/\/api.w.org\/{rel}","templated":true}]}}