{"id":218400,"date":"2022-06-09T14:12:21","date_gmt":"2022-06-09T19:12:21","guid":{"rendered":"https:\/\/plazajuarez.mx\/?p=218400"},"modified":"2022-06-09T17:48:52","modified_gmt":"2022-06-09T22:48:52","slug":"amlo_kuri","status":"publish","type":"post","link":"https:\/\/plazajuarez.mx\/historico\/amlo_kuri\/","title":{"rendered":"AMLO conversa con Kuri sobre agua y desarrollo urbano en Quer\u00e9taro"},"content":{"rendered":"\n<p>El presidente Andr\u00e9s Manuel L\u00f3pez Obrador inform\u00f3 que esta ma\u00f1ana se reuni\u00f3 con Mauricio Kuri (PAN), gobernador de Quer\u00e9taro, en donde conversaron acerca del proyecto de abasto de agua y desarrollo urbano en la entidad.<\/p>\n\n\n\n<p>En su cuenta de Twitter, el jefe del Ejecutivo federal detall\u00f3 que este proyecto est\u00e1 financiado casi en su totalidad con recursos del estado y con una aportaci\u00f3n menor, pero significativa, del gobierno federal.<\/p>\n\n\n\n<p>&#8220;Me reun\u00ed con el gobernador de Quer\u00e9taro, Mauricio Kuri y su jefe de gabinete, Rogelio Vega. Tratamos lo del proyecto de abasto de agua y desarrollo urbano financiado casi en su totalidad con recursos del estado y con una aportaci\u00f3n menor, pero significativa, del gobierno federal&#8221;, escribi\u00f3 en la red social.<\/p>\n\n\n\n<p>M\u00e1s tarde, tras esta reuni\u00f3n y afuera de Palacio Nacional, el gobernador queretano manifest\u00f3 que el abasto de agua es un tema hist\u00f3rico en la entidad y agradeci\u00f3 el apoyo que ha recibido del presidente L\u00f3pez Obrador.<\/p>\n\n\n\n<p>&#8220;El tema del agua ustedes saben es un tema hist\u00f3rico de Quer\u00e9taro y est\u00e1 siendo muy sensible con eso. Estamos bien, agradecidos con \u00e9l por todos sus apoyos que ha tenido para Quer\u00e9taro&#8221;.<\/p>\n\n\n\n<p>&#8220;\u00bfHay alg\u00fan compromiso del presidente para apoyarlos?&#8221;, se le pregunt\u00f3.<\/p>\n\n\n\n<p>&#8220;El presidente siempre est\u00e1 con Quer\u00e9taro y estamos siempre agradecidos con \u00e9l&#8221;, contest\u00f3.<\/p>\n","protected":false},"excerpt":{"rendered":"<p>El presidente Andr\u00e9s Manuel L\u00f3pez Obrador inform\u00f3 que esta ma\u00f1ana se reuni\u00f3 con Mauricio Kuri (PAN), gobernador de Quer\u00e9taro, en donde conversaron acerca del proyecto de abasto de agua y desarrollo urbano en la entidad. En su cuenta de Twitter, el jefe del Ejecutivo federal detall\u00f3 que este proyecto est\u00e1 financiado casi en su totalidad [&hellip;]<\/p>\n","protected":false},"author":81,"featured_media":218401,"comment_status":"closed","ping_status":"closed","sticky":false,"template":"","format":"standard","meta":{"footnotes":""},"categories":[15,2162],"tags":[144],"class_list":["post-218400","post","type-post","status-publish","format-standard","has-post-thumbnail","hentry","category-destacadas","category-noticias-diario-ultimas-de-queretaro","tag-amlo"],"_links":{"self":[{"href":"https:\/\/plazajuarez.mx\/historico\/wp-json\/wp\/v2\/posts\/218400","targetHints":{"allow":["GET"]}}],"collection":[{"href":"https:\/\/plazajuarez.mx\/historico\/wp-json\/wp\/v2\/posts"}],"about":[{"href":"https:\/\/plazajuarez.mx\/historico\/wp-json\/wp\/v2\/types\/post"}],"author":[{"embeddable":true,"href":"https:\/\/plazajuarez.mx\/historico\/wp-json\/wp\/v2\/users\/81"}],"replies":[{"embeddable":true,"href":"https:\/\/plazajuarez.mx\/historico\/wp-json\/wp\/v2\/comments?post=218400"}],"version-history":[{"count":0,"href":"https:\/\/plazajuarez.mx\/historico\/wp-json\/wp\/v2\/posts\/218400\/revisions"}],"wp:featuredmedia":[{"embeddable":true,"href":"https:\/\/plazajuarez.mx\/historico\/wp-json\/wp\/v2\/media\/218401"}],"wp:attachment":[{"href":"https:\/\/plazajuarez.mx\/historico\/wp-json\/wp\/v2\/media?parent=218400"}],"wp:term":[{"taxonomy":"category","embeddable":true,"href":"https:\/\/plazajuarez.mx\/historico\/wp-json\/wp\/v2\/categories?post=218400"},{"taxonomy":"post_tag","embeddable":true,"href":"https:\/\/plazajuarez.mx\/historico\/wp-json\/wp\/v2\/tags?post=218400"}],"curies":[{"name":"wp","href":"https:\/\/api.w.org\/{rel}","templated":true}]}}