{"id":218235,"date":"2022-06-08T10:09:00","date_gmt":"2022-06-08T15:09:00","guid":{"rendered":"https:\/\/plazajuarez.mx\/?p=218235"},"modified":"2022-06-08T12:25:33","modified_gmt":"2022-06-08T17:25:33","slug":"silvio-rodriguez-liga-poesia-y-politica-en-un-concierto-en-mexico","status":"publish","type":"post","link":"https:\/\/plazajuarez.mx\/historico\/silvio-rodriguez-liga-poesia-y-politica-en-un-concierto-en-mexico\/","title":{"rendered":"Silvio Rodr\u00edguez liga poes\u00eda y pol\u00edtica en un concierto en M\u00e9xico"},"content":{"rendered":"\n<p>El cantautor cubano Silvio Rodr\u00edguez hechiz\u00f3 el lunes a unos 10.000 mexicanos con sus poemas hechos canciones en un concierto en el Auditorio Nacional tocado por el polvo de la pol\u00edtica en sus minutos finales.<\/p>\n\n\n\n<p>Vestido de colores oscuros con una boina gris y lentes de cristales redondos, el trovador comenz\u00f3 con el poema &#8220;La pupila insomne&#8221;, del cubano Rub\u00e9n Mart\u00ednez Villena, despu\u00e9s de lo cual present\u00f3 a varias de sus mejores joyas en una velada de dos horas y veinte minutos.<\/p>\n\n\n\n<p>Para desencanto de los simpatizantes de la Revoluci\u00f3n cubana que interrumpieron al bardo, a veces con gritos hist\u00e9ricos con lemas pol\u00edticos, Silvio dedic\u00f3 la primera mitad del concierto a su poes\u00eda y convirti\u00f3 el principal teatro del pa\u00eds en una catedral de la belleza con propuestas como &#8220;Escaramujo&#8221;, &#8220;Te amar\u00e9&#8221; y &#8220;Unicornio&#8221;.<\/p>\n\n\n\n<p>\u00c9sta \u00faltima, una de sus canciones m\u00e1s conocidas, la dedic\u00f3 a los muertos por la pandemia, en especial a un amigo suyo y la enton\u00f3 en un ambiente de solemnidad.<\/p>\n\n\n\n<p>A punto de cumplir una hora de canciones, el trovador record\u00f3 al compositor Vicente Feli\u00fa, amigo de su juventud, reci\u00e9n fallecido, con quien mantuvo 60 a\u00f1os de amistad. Sobrio, Silvio invit\u00f3 a su hija Malva Rodr\u00edguez a cantar &#8220;Cr\u00e9eme&#8221;, la canci\u00f3n m\u00e1s hermosa de Vicente, y luego &#8220;No es f\u00e1cil&#8221;, con la joven en el piano.<\/p>\n\n\n\n<p>En la segunda hora de concierto, poco despu\u00e9s de mandar a callar a quienes no dejaron de gritar, Silvio present\u00f3 &#8220;Danz\u00f3n para la espera&#8221;, escrita en los tiempos de la covid-19, y despu\u00e9s de criticar el machismo, cant\u00f3 con unos 10 minutos de por medio dos de sus obras en las que pregona la libertad de las mujeres: &#8220;Yo te quiero libre&#8221; y &#8220;Eva&#8221;.<\/p>\n\n\n\n<p>Luego de 21 canciones con temas sobre el amor, como &#8220;Quien fuera&#8221;, sobre cuestiones humanas, como &#8220;D\u00edas y flores&#8221; o con el lirismo de &#8220;En el claro de la luna&#8221;, el cubano alborot\u00f3 a los simpatizantes de la Revoluci\u00f3n cubana con &#8220;El necio&#8221;, que le dedic\u00f3 al presidente de M\u00e9xico, Andr\u00e9s Manuel L\u00f3pez Obrador.<\/p>\n\n\n\n<p>Si bien la mayor\u00eda de los asistentes lleg\u00f3 al \u00e9xtasis con un coro casi mesi\u00e1nico, unos pocos mostraron sorpresa porque el mismo defensor de las mujeres minutos antes, honr\u00f3 a un pol\u00edtico que afirma que nueve de cada 10 denuncias de feminicidios en el pa\u00eds son falsas.<\/p>\n\n\n\n<p>La arenga pol\u00edtica continu\u00f3 con &#8220;Peque\u00f1a serenata diurna&#8221;, aplaudida por simpatizantes de la Revoluci\u00f3n Cubana, algunos de los cuales pagaron boletos a un precio equivalente al salario de cuatro meses de un trabajador de la isla.<\/p>\n\n\n\n<p>Silvio volvi\u00f3 a la belleza con dos de sus textos m\u00e1s po\u00e9ticos, con los que cerr\u00f3 la presentaci\u00f3n: &#8220;De la ausencia y de ti&#8221;, dedicada a Velia, una mexicana que am\u00f3 en su juventud, y la legendaria &#8220;Ojal\u00e1&#8221;, que la gente cant\u00f3 de pie.<\/p>\n\n\n\n<p>El trovador cubano ofrecer\u00e1 el pr\u00f3ximo viernes un concierto en el Z\u00f3calo, la plaza p\u00fablica principal del pa\u00eds.<\/p>\n","protected":false},"excerpt":{"rendered":"<p>El cantautor cubano Silvio Rodr\u00edguez hechiz\u00f3 el lunes a unos 10.000 mexicanos con sus poemas hechos canciones en un concierto en el Auditorio Nacional tocado por el polvo de la pol\u00edtica en sus minutos finales. Vestido de colores oscuros con una boina gris y lentes de cristales redondos, el trovador comenz\u00f3 con el poema &#8220;La [&hellip;]<\/p>\n","protected":false},"author":80,"featured_media":218239,"comment_status":"closed","ping_status":"closed","sticky":false,"template":"","format":"standard","meta":{"footnotes":""},"categories":[41],"tags":[],"class_list":["post-218235","post","type-post","status-publish","format-standard","has-post-thumbnail","hentry","category-arteria-cultural"],"_links":{"self":[{"href":"https:\/\/plazajuarez.mx\/historico\/wp-json\/wp\/v2\/posts\/218235","targetHints":{"allow":["GET"]}}],"collection":[{"href":"https:\/\/plazajuarez.mx\/historico\/wp-json\/wp\/v2\/posts"}],"about":[{"href":"https:\/\/plazajuarez.mx\/historico\/wp-json\/wp\/v2\/types\/post"}],"author":[{"embeddable":true,"href":"https:\/\/plazajuarez.mx\/historico\/wp-json\/wp\/v2\/users\/80"}],"replies":[{"embeddable":true,"href":"https:\/\/plazajuarez.mx\/historico\/wp-json\/wp\/v2\/comments?post=218235"}],"version-history":[{"count":0,"href":"https:\/\/plazajuarez.mx\/historico\/wp-json\/wp\/v2\/posts\/218235\/revisions"}],"wp:featuredmedia":[{"embeddable":true,"href":"https:\/\/plazajuarez.mx\/historico\/wp-json\/wp\/v2\/media\/218239"}],"wp:attachment":[{"href":"https:\/\/plazajuarez.mx\/historico\/wp-json\/wp\/v2\/media?parent=218235"}],"wp:term":[{"taxonomy":"category","embeddable":true,"href":"https:\/\/plazajuarez.mx\/historico\/wp-json\/wp\/v2\/categories?post=218235"},{"taxonomy":"post_tag","embeddable":true,"href":"https:\/\/plazajuarez.mx\/historico\/wp-json\/wp\/v2\/tags?post=218235"}],"curies":[{"name":"wp","href":"https:\/\/api.w.org\/{rel}","templated":true}]}}