{"id":218217,"date":"2022-06-08T10:00:00","date_gmt":"2022-06-08T15:00:00","guid":{"rendered":"https:\/\/plazajuarez.mx\/?p=218217"},"modified":"2022-06-08T12:00:30","modified_gmt":"2022-06-08T17:00:30","slug":"condenan-a-seis-anos-de-carcel-a-un-sobrino-de-caro-quintero","status":"publish","type":"post","link":"https:\/\/plazajuarez.mx\/historico\/condenan-a-seis-anos-de-carcel-a-un-sobrino-de-caro-quintero\/","title":{"rendered":"Condenan a seis a\u00f1os de c\u00e1rcel a un sobrino de Caro Quintero"},"content":{"rendered":"\n<p>En procedimiento abreviado, un juez federal conden\u00f3 a seis a\u00f1os ocho meses de prisi\u00f3n a tres integrantes del C\u00e1rtel Jalisco Nueva Generaci\u00f3n (CJNG), entre ellos C\u00e9sar Enrique Caro Escobar, identificado como sobrino del veterano capo Rafael Caro Quintero, quien actualmente comanda el llamado C\u00e1rtel de Caborca, con presencia en Sonora.<\/p>\n\n\n\n<p>Los sentenciados fueron declarados culpables de los delitos contra la salud y posesi\u00f3n de armas de fuego y de cartuchos, inform\u00f3 este martes la Fiscal\u00eda General de la Rep\u00fablica (FGR).<\/p>\n\n\n\n<p>En agosto de 2020, la FGR detuvo a C\u00e9sar Enrique Caro Escobar, Vicente Gonz\u00e1lez Beltr\u00e1n y Carlos Enrique Garc\u00eda M\u00e9ndez al cumplimentar una orden de cateo en un inmueble ubicado en la alcald\u00eda Cuajimalpa, Ciudad de M\u00e9xico, derivado de una denuncia ciudadana en la que se les acus\u00f3 de comerciar armas de fuego desde los Estados Unidos, para venderlas en la Ciudad de M\u00e9xico y Guadalajara.<\/p>\n\n\n\n<p>En audiencia de procedimiento abreviado, el juez de la causa dict\u00f3 sentencia condenatoria en su contra por los delitos de posesi\u00f3n de armas de fuego y de cartuchos de uso exclusivo del Ej\u00e9rcito, Armada y Fuerza A\u00e9rea; contra la salud en su modalidad de posesi\u00f3n de clorhidrato de metanfetamina, de fentanil y 4-Antilo-N-Fenetilperidina y de fentanil 4-ANPP en su variable de venta con fines de comercio; adem\u00e1s el decomiso de los indicios asegurados.<\/p>\n\n\n\n<p>Los tres integrantes del C\u00e1rtel Jalisco Nueva Generaci\u00f3n quedaron presos en el Reclusorio Preventivo Varonil Sur, en la Ciudad de M\u00e9xico, report\u00f3 la Fiscal\u00eda General de la Rep\u00fablica (FGR).<\/p>\n","protected":false},"excerpt":{"rendered":"<p>En procedimiento abreviado, un juez federal conden\u00f3 a seis a\u00f1os ocho meses de prisi\u00f3n a tres integrantes del C\u00e1rtel Jalisco Nueva Generaci\u00f3n (CJNG), entre ellos C\u00e9sar Enrique Caro Escobar, identificado como sobrino del veterano capo Rafael Caro Quintero, quien actualmente comanda el llamado C\u00e1rtel de Caborca, con presencia en Sonora. Los sentenciados fueron declarados culpables [&hellip;]<\/p>\n","protected":false},"author":81,"featured_media":218224,"comment_status":"closed","ping_status":"closed","sticky":false,"template":"","format":"standard","meta":{"footnotes":""},"categories":[37],"tags":[],"class_list":["post-218217","post","type-post","status-publish","format-standard","has-post-thumbnail","hentry","category-barandilla"],"_links":{"self":[{"href":"https:\/\/plazajuarez.mx\/historico\/wp-json\/wp\/v2\/posts\/218217","targetHints":{"allow":["GET"]}}],"collection":[{"href":"https:\/\/plazajuarez.mx\/historico\/wp-json\/wp\/v2\/posts"}],"about":[{"href":"https:\/\/plazajuarez.mx\/historico\/wp-json\/wp\/v2\/types\/post"}],"author":[{"embeddable":true,"href":"https:\/\/plazajuarez.mx\/historico\/wp-json\/wp\/v2\/users\/81"}],"replies":[{"embeddable":true,"href":"https:\/\/plazajuarez.mx\/historico\/wp-json\/wp\/v2\/comments?post=218217"}],"version-history":[{"count":0,"href":"https:\/\/plazajuarez.mx\/historico\/wp-json\/wp\/v2\/posts\/218217\/revisions"}],"wp:featuredmedia":[{"embeddable":true,"href":"https:\/\/plazajuarez.mx\/historico\/wp-json\/wp\/v2\/media\/218224"}],"wp:attachment":[{"href":"https:\/\/plazajuarez.mx\/historico\/wp-json\/wp\/v2\/media?parent=218217"}],"wp:term":[{"taxonomy":"category","embeddable":true,"href":"https:\/\/plazajuarez.mx\/historico\/wp-json\/wp\/v2\/categories?post=218217"},{"taxonomy":"post_tag","embeddable":true,"href":"https:\/\/plazajuarez.mx\/historico\/wp-json\/wp\/v2\/tags?post=218217"}],"curies":[{"name":"wp","href":"https:\/\/api.w.org\/{rel}","templated":true}]}}