{"id":218216,"date":"2022-06-08T10:00:00","date_gmt":"2022-06-08T15:00:00","guid":{"rendered":"https:\/\/plazajuarez.mx\/?p=218216"},"modified":"2022-06-08T11:58:22","modified_gmt":"2022-06-08T16:58:22","slug":"asi-operaba-greek-roman-n-un-feminicida-serial-en-varios-estados","status":"publish","type":"post","link":"https:\/\/plazajuarez.mx\/historico\/asi-operaba-greek-roman-n-un-feminicida-serial-en-varios-estados\/","title":{"rendered":"As\u00ed operaba Greek Rom\u00e1n &#8220;N&#8221;, un\u00a0feminicida serial en varios estados"},"content":{"rendered":"\n<p>Greek Rom\u00e1n &#8220;N&#8221;, considerado por las autoridades como un feminicida serial que operaba en varios estados, recientemente fue detenido por los casos de Viridiana Moreno y Evelin Afiune.<\/p>\n\n\n\n<p>El pasado 2 de junio, al presentar el reporte &#8220;Cero Impunidad&#8221;, el subsecretario de Seguridad y Protecci\u00f3n Ciudadana, Ricardo Mej\u00eda Berdeja, present\u00f3 avances en la investigaci\u00f3n del feminicidio de Viridiana Moreno V\u00e1squez y describi\u00f3 c\u00f3mo era el modus operandi del feminicida Greek Rom\u00e1n &#8220;N&#8221;, capturado en San Juan del R\u00edo, en Quer\u00e9taro.<\/p>\n\n\n\n<p><strong>LA DETENCI\u00d3N EN QUER\u00c9TARO<\/strong><\/p>\n\n\n\n<p>El 31 de mayo, Mej\u00eda Berdeja report\u00f3 que la Fiscal\u00eda de Veracruz, en coordinaci\u00f3n con la Fiscal\u00eda de Quer\u00e9taro, logr\u00f3 la detenci\u00f3n de Greek Rom\u00e1n &#8220;N&#8221; y su pareja sentimental Adamari &#8220;N&#8221;, como probables responsables del feminicidio de Viridiana Moreno, ocurrido en territorio veracruzano.<\/p>\n\n\n\n<p>&#8220;Estas dos personas hoy detenidas, habr\u00edan llegado hace unos d\u00edas a Veracruz dejando atr\u00e1s una estela de hechos delictivos en Veracruz, Puebla, Morelos y Quer\u00e9taro.<\/p>\n\n\n\n<p>&#8220;Y podemos se\u00f1alar que Greek Rom\u00e1n \u2018N\u2019, es un feminicida serial donde hay cuando menos siete casos de feminicidio que pudieran estar vinculados con esta persona&#8221;, declar\u00f3 el subsecretario de Seguridad.<\/p>\n\n\n\n<p><strong>UNA ENTREVISTA DE TRABAJO, EL GANCHO<\/strong><\/p>\n\n\n\n<p>El subsecretario de Seguridad describi\u00f3 que Viridiana Moreno sali\u00f3 de su casa el 18 de mayo por la tarde para dirigirse al &#8220;Hotel Bienvenido&#8221;, localizado en la Ciudad de Cardel, Veracruz, &#8220;para presentarse a una entrevista de trabajo, que consigui\u00f3 a trav\u00e9s de una persona en Facebook&#8221;.<\/p>\n\n\n\n<p>Seg\u00fan las investigaciones, Viridiana Moreno se encontr\u00f3 con Greek Rom\u00e1n &#8220;N&#8221; afuera del hotel al que no ingresaron.<\/p>\n\n\n\n<p>&#8220;Se observa a ambos guardando documentaci\u00f3n que llevaba cada uno, introduci\u00e9ndola en la cajuela de una motoneta, para posteriormente abordarla y ser conducida por ella, llevando como pasajero en la parte posterior de la unidad a Greek Rom\u00e1n \u2018N\u2019&#8221;, refiere la investigaci\u00f3n.<\/p>\n\n\n\n<p>Presuntamente, \u00e9l se identificaba con otro nombre y actuaba con el mismo modus operandi, a trav\u00e9s de enga\u00f1os a sus posibles v\u00edctimas, con falsas ofertas de trabajo, suplantando identidades, a fin de evadir la acci\u00f3n de la justicia.<\/p>\n\n\n\n<p>El informe indica que Greek Rom\u00e1n &#8220;N&#8221; lleg\u00f3 a trabajar a Chacalacas, en compa\u00f1\u00eda de una mujer con la que viv\u00eda y con quien trabajaba, &#8220;habiendo rentado dos habitaciones, estableci\u00e9ndose que en la primera de ellas la habit\u00f3, mientras que en la segunda, se presume llev\u00f3 a cabo el feminicidio&#8221;.<\/p>\n\n\n\n<p>De las investigaciones se desprendi\u00f3 la localizaci\u00f3n de un domicilio rentado por Greek &#8220;N&#8221;, en donde se encontr\u00f3 parte de la vestimenta que Viridiana y que el presunto responsable, portaban el d\u00eda de los hechos, as\u00ed como la motoneta y otros indicios.<\/p>\n\n\n\n<p><strong>A EVELYN AFIUNE TAMBI\u00c9N LA CIT\u00d3 PARA UN TRABAJO<\/strong><\/p>\n\n\n\n<p>En el reporte &#8220;Cero Impunidad&#8221; se refiri\u00f3 que Greek Rom\u00e1n &#8220;N&#8221; presuntamente cometi\u00f3 el delito de feminicidio en Morelos en marzo de 2022, en contra de Evelin Afiune, joven estudiante desaparecida el pasado 24 de marzo y encontrada sin vida tres d\u00edas despu\u00e9s en el municipio de Cuautla.<\/p>\n\n\n\n<p>Evelyn buscaba empleo mediante redes sociales y fue contactada por el sujeto que la cit\u00f3 en una cafeter\u00eda del centro de Cuautla, y quien despu\u00e9s la llev\u00f3 en un taxi a la barber\u00eda de donde no sali\u00f3 con vida.<\/p>\n","protected":false},"excerpt":{"rendered":"<p>Greek Rom\u00e1n &#8220;N&#8221;, considerado por las autoridades como un feminicida serial que operaba en varios estados, recientemente fue detenido por los casos de Viridiana Moreno y Evelin Afiune. El pasado 2 de junio, al presentar el reporte &#8220;Cero Impunidad&#8221;, el subsecretario de Seguridad y Protecci\u00f3n Ciudadana, Ricardo Mej\u00eda Berdeja, present\u00f3 avances en la investigaci\u00f3n del [&hellip;]<\/p>\n","protected":false},"author":81,"featured_media":218222,"comment_status":"closed","ping_status":"closed","sticky":false,"template":"","format":"standard","meta":{"footnotes":""},"categories":[37],"tags":[],"class_list":["post-218216","post","type-post","status-publish","format-standard","has-post-thumbnail","hentry","category-barandilla"],"_links":{"self":[{"href":"https:\/\/plazajuarez.mx\/historico\/wp-json\/wp\/v2\/posts\/218216","targetHints":{"allow":["GET"]}}],"collection":[{"href":"https:\/\/plazajuarez.mx\/historico\/wp-json\/wp\/v2\/posts"}],"about":[{"href":"https:\/\/plazajuarez.mx\/historico\/wp-json\/wp\/v2\/types\/post"}],"author":[{"embeddable":true,"href":"https:\/\/plazajuarez.mx\/historico\/wp-json\/wp\/v2\/users\/81"}],"replies":[{"embeddable":true,"href":"https:\/\/plazajuarez.mx\/historico\/wp-json\/wp\/v2\/comments?post=218216"}],"version-history":[{"count":0,"href":"https:\/\/plazajuarez.mx\/historico\/wp-json\/wp\/v2\/posts\/218216\/revisions"}],"wp:featuredmedia":[{"embeddable":true,"href":"https:\/\/plazajuarez.mx\/historico\/wp-json\/wp\/v2\/media\/218222"}],"wp:attachment":[{"href":"https:\/\/plazajuarez.mx\/historico\/wp-json\/wp\/v2\/media?parent=218216"}],"wp:term":[{"taxonomy":"category","embeddable":true,"href":"https:\/\/plazajuarez.mx\/historico\/wp-json\/wp\/v2\/categories?post=218216"},{"taxonomy":"post_tag","embeddable":true,"href":"https:\/\/plazajuarez.mx\/historico\/wp-json\/wp\/v2\/tags?post=218216"}],"curies":[{"name":"wp","href":"https:\/\/api.w.org\/{rel}","templated":true}]}}